{"id":69945,"date":"2024-07-01T09:23:00","date_gmt":"2024-07-01T15:23:00","guid":{"rendered":"https:\/\/zonaroja.com.mx\/?p=69945"},"modified":"2024-07-01T08:33:58","modified_gmt":"2024-07-01T14:33:58","slug":"opinion-el-fracaso-de-la-guardia-nacional-con-amlo-y-con-xochitl","status":"publish","type":"post","link":"https:\/\/zonaroja.com.mx\/?p=69945","title":{"rendered":"Opini\u00f3n. El fracaso de la Guardia Nacional con AMLO\u2026 y con X\u00f3chitl"},"content":{"rendered":"\n<p>Ismael Garc\u00eda M.\/Zona Roja.<\/p>\n\n\n\n<p>Oaxaca, Oax., a 1 de julio de 2024.- La semana pasada, la Guardia Nacional cumpli\u00f3 cinco a\u00f1os de su creaci\u00f3n.&nbsp;<\/p>\n\n\n\n<p>Pero en un lustro, la corporaci\u00f3n militar, m\u00e1s que civil, ha demostrado su absoluto fracaso, pues ni hay resultados fehacientes ni los mexicanos disfrutan de una mejor tranquilidad.<\/p>\n\n\n\n<p>En ese marco, hace poco m\u00e1s de una semana el Presidente Andr\u00e9s Manuel L\u00f3pez Obrador inaugur\u00f3, junto con Claudia Sheinbaum, la sede de un cuartel, ubicado en Santa Cruz Xoxocotl\u00e1n.<\/p>\n\n\n\n<p>Pero, insistimos, no hay una atenci\u00f3n m\u00e1s puntual a la prevenci\u00f3n del delito y mucho menos una actuaci\u00f3n eficiente de la corporaci\u00f3n tras cometerse un acto il\u00edcito.<\/p>\n\n\n\n<p>En el colmo, el Presidente contin\u00faa con el enga\u00f1o de que la Guardia Nacional es una corporaci\u00f3n civil, cuando por todos lados del pa\u00eds, se ve que los centros de mando y de concentraci\u00f3n son los cuarteles son militares.<\/p>\n\n\n\n<p>Lo peor: Claudia Sheinbaum ya prometi\u00f3 que la instituci\u00f3n formalmente pasar\u00e1 al las filas de la Secretar\u00eda de la Defensa Nacional, con lo que en los hechos y en derecho, se confirmar\u00e1 que sigue siendo una corporaci\u00f3n militar.<\/p>\n\n\n\n<p>G\u00c9NESIS<\/p>\n\n\n\n<p>De hecho, fue conformada con elementos de la extinta Polic\u00eda Federal, del Ej\u00e9rcito Mexicano y de la Marina, en un 70 por ciento, con mandos, por supuesto, militares.<\/p>\n\n\n\n<p>Fue al iniciar su mandato en que L\u00f3pez Obrador anunci\u00f3 la creaci\u00f3n de la Guardia Nacional, instituci\u00f3n que ya tuvo un antecedente en el siglo XVIII.<\/p>\n\n\n\n<p>Tras la aprobaci\u00f3n en el Congreso de la Uni\u00f3n y la mayor\u00eda de congresos estatales, el 26 de marzo de 2019 fue publicada su creaci\u00f3n en el Diario Oficial de la Federaci\u00f3n, pero no fue sino hasta junio siguiente en que formalmente inici\u00f3 operaciones.<\/p>\n\n\n\n<p>Actualmente cuenta con alrededor de 130 mil elementos, pero desde sus inicios carga con el estigma militar y as\u00ed lo hizo remarcar el Presidente en el a\u00f1o 2022, cuando el Senado y la C\u00e1mara de Diputados aprobaron que la Guardia Nacional pasara a la Sedena; no obstante, la Suprema Corte de Justicia de la Naci\u00f3n (SCJN) determin\u00f3 que esto era inconstitucional.<\/p>\n\n\n\n<p>Seg\u00fan explic\u00f3 la semana pasada el comisario General de la Guardia Nacional, David C\u00f3rdova Campos, en cinco a\u00f1os, ha contribuido en la detenci\u00f3n de 37 mil presuntos integrantes de la delincuencia organizada; el aseguramiento de m\u00e1s de 11 mil armas y m\u00e1s de 11 millones de cartuchos, as\u00ed como m\u00e1s de 54 mil veh\u00edculos terrestres y 81 aeronaves; igualmente la destrucci\u00f3n de 45 laboratorios clandestinos de droga y la recuperaci\u00f3n, entre otros, de tres mil 500 kilogramos de fentanilo.<\/p>\n\n\n\n<p>En suma, seg\u00fan el mando militar, contribuye con el 47 por ciento al esfuerzo nacional en materia de seguridad p\u00fablica. Pero en los hechos, la realidad es otra: m\u00e1s de 190 mil asesinatos en cinco a\u00f1os y la creciente expansi\u00f3n del crimen organizado por todo el pa\u00eds.<\/p>\n\n\n\n<p>En Oaxaca apenas hay siete mil 400 efectivos, distribuidos en 14 compa\u00f1\u00edas, cifra que es mucho menor que la suma de los polic\u00edas estatales y municipales.<\/p>\n\n\n\n<p>Con pol\u00e9micas, en cinco a\u00f1os ha estado construyendo sus propios campamentos pero basados en modelos militares; no hay ni cinco sedes concluidas en todo el estado.<\/p>\n\n\n\n<p>En los hechos, es com\u00fan y cotidiano ver a los camiones y elemento salir de las bases militares, como la ubicada en la XXVIII Zona Militar de Santa Maria Ixcotel.<\/p>\n\n\n\n<p>En los hechos tambi\u00e9n, lo han visto, lo hemos visto la mayor\u00eda de periodistas, la Guardia Nacional es la \u00faltima en llegar a un lugar despu\u00e9s de cometido el delito, sea un accidente vial o un homicidio.<\/p>\n\n\n\n<p>No se conoce hasta ahora que por alguna investigaci\u00f3n de esa corporaci\u00f3n federal, en Oaxaca se est\u00e9n deteniendo a integrantes de la delincuencia organizada o desarticulando bandas.<\/p>\n\n\n\n<p>Pr\u00e1cticamente todos los d\u00edas hay sesi\u00f3n de la Mesa de Seguridad en Oaxaca, en que participan militares y civiles, pero la ola criminal contin\u00faa; en promedio, al menos dos personas son asesinadas en la entidad; mucho menos se ven acciones preventivas y de disuasi\u00f3n.<\/p>\n\n\n\n<p>LA POL\u00c9MICA<\/p>\n\n\n\n<p>Por otra parte, tres semanas han bastado para confirmar que Claudia Sheinbaum acatar\u00e1 hasta la \u00faltima coma en las instrucciones del Presidente Andr\u00e9s Manuel L\u00f3pez Obrador.<\/p>\n\n\n\n<p>De hecho, la imposici\u00f3n de la ahora Presidenta electa de M\u00e9xico no es m\u00e1s que el anhelo del mandatario nacional de concretar sus anhelos pendientes, as\u00ed no est\u00e9 al frente del poder; as\u00ed tenga que mangonear a quien tenga que mangonear; as\u00ed regrese a la escena p\u00fablica para ayudar a Claudia, \u201cpor razones de Estado.<\/p>\n\n\n\n<p>Una muestra de la imposici\u00f3n obradorista es precisamente el caso de la Guardia Nacional.<\/p>\n\n\n\n<p>El pasado domingo 23 de junio en Oaxaca, Claudia Sheinbaum afirm\u00f3 que en octubre, cuando tome protesta en el cargo, se consolidar\u00e1 la Guardia Nacional como parte de la Sedena.<\/p>\n\n\n\n<p>\u00abLa Guardia Nacional en tan solo cinco a\u00f1os ya tiene el reconocimiento del pueblo de M\u00e9xico, nos corresponde a partir del 1 de octubre seguir fortaleciendo y consolidar a la Guardia Nacional como parte de la Secretar\u00eda de la Defensa Nacional con la reforma constitucional que est\u00e1 en puerta en el Congreso de la Uni\u00f3n\u00bb, expres\u00f3 entonces.<\/p>\n\n\n\n<p>Sus palabras generaron de inmediato reacciones acerca de la militarizaci\u00f3n del pa\u00eds y tuvo que recular, s\u00f3lo medi\u00e1ticamente, para decir que la pol\u00edtica de seguridad p\u00fablica seguir\u00e1 emanando de la Secretar\u00eda de Seguridad y Protecci\u00f3n Ciudadana.<\/p>\n\n\n\n<p>Con mayor\u00eda en el Senado, la C\u00e1mara de Diputados y los congresos locales, seguramente que otra vez el gobierno federal insistir\u00e1 en que la Guardia Nacional pase a formar parte de la Sedena, con lo que los militares adquirir\u00e1n mayor poder en el pa\u00eds.<\/p>\n\n\n\n<p>En los \u00faltimos d\u00edas la pol\u00e9mica y preocupaci\u00f3n han resurgido por esa determinaci\u00f3n, como por ejemplo de Amnist\u00eda Internacional y el colectivo #SeguridadSinGuerra, por el uso de militares en tareas de seguridad p\u00fablica en M\u00e9xico.&nbsp;<\/p>\n\n\n\n<p>\u201cDesde 2006, la estrategia militar no ha logrado reducir el tr\u00e1fico de drogas ni la violencia, y ha tenido un impacto negativo en los derechos humanos\u201d, seg\u00fan public\u00f3 recientemente el sitio informativo Infobae M\u00e9xico.<\/p>\n\n\n\n<p>La principal cr\u00edtica se refiere a la militarizaci\u00f3n de la Guardia Nacional (GN), operada por militares \u201ccomisionados\u201d. Se argumenta que la seguridad p\u00fablica debe estar a cargo de las polic\u00edas civiles, mientras que el rol de las fuerzas armadas deber\u00eda limitarse a proteger al Estado de amenazas externas. \u201cActualmente, los militares han desplazado a las polic\u00edas civiles a nivel federal, y l\u00edderes exmilitares ocupan puestos clave en diferentes niveles.<\/p>\n\n\n\n<p>Informaci\u00f3n alarmante muestra que al menos seis de las catorce sentencias de la Corte Interamericana de Derechos Humanos (CIDH) contra M\u00e9xico involucran violaciones perpetradas por militares, incluyendo tortura, violencia sexual, desapariciones forzadas y ejecuciones extrajudiciales.&nbsp;<\/p>\n\n\n\n<p>\u201cSeg\u00fan Amnist\u00eda Internacional, esta situaci\u00f3n viola tanto el orden jur\u00eddico mexicano como las obligaciones internacionales en materia de derechos humanos de M\u00e9xico\u201d, refiere la informaci\u00f3n.<\/p>\n\n\n\n<p>No obstante ello, el gobierno federal pr\u00f3ximo est\u00e1 decidido a seguir al pie de la letra las instrucciones de L\u00f3pez Obrador en todos los \u00f3rdenes, incluyendo la Guardia Nacional. Pero, parad\u00f3jicamente, no hay ninguna iniciativa para medir o exigir mayores resultados a la corporaci\u00f3n, que ser\u00e1 fortalecida, pero militarmente.<\/p>\n","protected":false},"excerpt":{"rendered":"<p>Ismael Garc\u00eda M.\/Zona Roja. Oaxaca, Oax., a 1 de julio de 2024.- La semana pasada,&hellip;<\/p>\n","protected":false},"author":2,"featured_media":67764,"comment_status":"closed","ping_status":"open","sticky":false,"template":"","format":"standard","meta":{"_lmt_disableupdate":"","_lmt_disable":"","_jetpack_memberships_contains_paid_content":false,"footnotes":""},"categories":[456,109,48],"tags":[1353],"class_list":["post-69945","post","type-post","status-publish","format-standard","has-post-thumbnail","hentry","category-columna","category-minuto-a-minuto","category-zona-critica","tag-opinion-zona-critica"],"jetpack_featured_media_url":"https:\/\/zonaroja.com.mx\/wp-content\/uploads\/2024\/04\/Opinion-Zona-Roja-Ismael-Garcia.jpg","jetpack_sharing_enabled":true,"_links":{"self":[{"href":"https:\/\/zonaroja.com.mx\/index.php?rest_route=\/wp\/v2\/posts\/69945","targetHints":{"allow":["GET"]}}],"collection":[{"href":"https:\/\/zonaroja.com.mx\/index.php?rest_route=\/wp\/v2\/posts"}],"about":[{"href":"https:\/\/zonaroja.com.mx\/index.php?rest_route=\/wp\/v2\/types\/post"}],"author":[{"embeddable":true,"href":"https:\/\/zonaroja.com.mx\/index.php?rest_route=\/wp\/v2\/users\/2"}],"replies":[{"embeddable":true,"href":"https:\/\/zonaroja.com.mx\/index.php?rest_route=%2Fwp%2Fv2%2Fcomments&post=69945"}],"version-history":[{"count":1,"href":"https:\/\/zonaroja.com.mx\/index.php?rest_route=\/wp\/v2\/posts\/69945\/revisions"}],"predecessor-version":[{"id":69946,"href":"https:\/\/zonaroja.com.mx\/index.php?rest_route=\/wp\/v2\/posts\/69945\/revisions\/69946"}],"wp:featuredmedia":[{"embeddable":true,"href":"https:\/\/zonaroja.com.mx\/index.php?rest_route=\/wp\/v2\/media\/67764"}],"wp:attachment":[{"href":"https:\/\/zonaroja.com.mx\/index.php?rest_route=%2Fwp%2Fv2%2Fmedia&parent=69945"}],"wp:term":[{"taxonomy":"category","embeddable":true,"href":"https:\/\/zonaroja.com.mx\/index.php?rest_route=%2Fwp%2Fv2%2Fcategories&post=69945"},{"taxonomy":"post_tag","embeddable":true,"href":"https:\/\/zonaroja.com.mx\/index.php?rest_route=%2Fwp%2Fv2%2Ftags&post=69945"}],"curies":[{"name":"wp","href":"https:\/\/api.w.org\/{rel}","templated":true}]}}