{"id":6995,"date":"2019-12-26T10:01:45","date_gmt":"2019-12-26T16:01:45","guid":{"rendered":"http:\/\/www.zonaroja.com.mx\/?p=6995"},"modified":"2019-12-26T10:15:32","modified_gmt":"2019-12-26T16:15:32","slug":"exigen-justicia-por-la-muerte-de-alumna-en-interior-de-plantel-en-chapingo","status":"publish","type":"post","link":"https:\/\/zonaroja.com.mx\/?p=6995","title":{"rendered":"Exigen justicia por la muerte de alumna en interior de plantel en Chapingo"},"content":{"rendered":"\n<p>Redacci\u00f3n\/Zona Roja Cdmx.<\/p>\n\n\n\n<p>Ciudad de M\u00e9xico, 26 de diciembre de\n2019.- Estudiantes de la Universidad Aut\u00f3noma Chapingo (UACh) exigieron a las\nautoridades estatales y a la Fiscal\u00eda General de Justicia del Estado de M\u00e9xico\n(FGJEM) el esclarecimiento de la muerte de la estudiante Nazaret Bautista Lara,\nde 15 a\u00f1os, y castigo para los responsables, luego de que fue encontrada sin\nvida en las instalaciones del campus Texcoco, cinco d\u00edas despu\u00e9s de su\ndesaparici\u00f3n.<\/p>\n\n\n\n<p>Los alumnos colocaron una ofrenda con\nveladoras y flores en el acceso principal de la UACh, en donde pegaron\npancartas con la exigencia de: \u201cJusticia para Nazaret, En Chapingo violan y\nmatan y \u00a1Queremos vivir sin miedo, queremos al culpable!\u201d.<\/p>\n\n\n\n<p>Los estudiantes demandaron reforzar la\nseguridad dentro y fuera del plantel ante lo acontecido porque aseguraron que\nsufren asaltos.<\/p>\n\n\n\n<p>El cuerpo lo encontraron en un dep\u00f3sito\nde agua en los campos experimentales de la universidad, un lugar en donde seg\u00fan\nalumnos es muy oscuro. Autoridades periciales no hab\u00edan informado las causas\ndel deceso.<\/p>\n\n\n\n<p>Diversas asociaciones estudiantiles\nagr\u00edcolas expresaron sus condolencias y realizaron una condena en\u00e9rgica por la\nmuerte de Nazaret.<\/p>\n\n\n\n<p>El subdirector jur\u00eddico de la UACh,\nMario Alberto S\u00e1nchez Gonz\u00e1lez, explic\u00f3 que la estudiante de primer a\u00f1o de\npreparatoria agr\u00edcola fue reportada desaparecida el 19 de diciembre y un d\u00eda\ndespu\u00e9s se inform\u00f3 a las autoridades policiacas.<\/p>\n\n\n\n<p>Dos compa\u00f1eras de cuarto de la joven\nse\u00f1alaron que no regres\u00f3 a su dormitorio y la \u00faltima vez que tuvo contacto con\nun alumno fue a las 17:00 horas de ese d\u00eda, por lo que se avis\u00f3 a los padres\npara saber si estaba en su casa, destac\u00f3.<\/p>\n\n\n\n<p>Agreg\u00f3 que el departamento de orden y\ndisciplina de la UACh inici\u00f3 la indagatoria junto con el \u00e1rea jur\u00eddica y se\nrealizaron entrevistas con los compa\u00f1eros cercanos. Tras la emisi\u00f3n de las\nalertas Alba y Amber, el 21 de diciembre, el rector Jos\u00e9 Sol\u00eds Ram\u00edrez coordin\u00f3\nla bridaga de b\u00fasqueda dentro del campus. <\/p>\n\n\n\n<p>El lunes 23, personal de la Fiscal\u00eda\nEspecializada en Personas Desaparecidas intervino y hall\u00f3 el cuerpo alrededor\nde las 17:0 horas.<\/p>\n\n\n\n<p>A las 2 de la madrugada del 24 de\ndiciembre se hizo la identificaci\u00f3n formal de Nazaret Bautista y el cuerpo fue\nentregado a sus padres.<\/p>\n\n\n\n<p>El rector sostuvo que las autoridades\neducativas repudian la violencia y afirm\u00f3 que continuar\u00e1n pendientes de la\ninvestigaci\u00f3n que realiza la FGJEM, y garantiz\u00f3 la colaboraci\u00f3n institucional\nen el caso.<\/p>\n\n\n\n<p>(Con informaci\u00f3n de \u201cLa Jornada\u201d)<\/p>\n","protected":false},"excerpt":{"rendered":"<p>Redacci\u00f3n\/Zona Roja Cdmx. Ciudad de M\u00e9xico, 26 de diciembre de 2019.- Estudiantes de la Universidad&hellip;<\/p>\n","protected":false},"author":2,"featured_media":6996,"comment_status":"closed","ping_status":"open","sticky":false,"template":"","format":"standard","meta":{"_lmt_disableupdate":"","_lmt_disable":"","_jetpack_memberships_contains_paid_content":false,"footnotes":""},"categories":[109,51],"tags":[1180,1181],"class_list":["post-6995","post","type-post","status-publish","format-standard","has-post-thumbnail","hentry","category-minuto-a-minuto","category-zona-roja","tag-nazaret-bautista-lara","tag-universidad-autonoma-de-chapingo"],"jetpack_featured_media_url":"https:\/\/zonaroja.com.mx\/wp-content\/uploads\/2019\/12\/Chapingo.jpg","jetpack_sharing_enabled":true,"_links":{"self":[{"href":"https:\/\/zonaroja.com.mx\/index.php?rest_route=\/wp\/v2\/posts\/6995","targetHints":{"allow":["GET"]}}],"collection":[{"href":"https:\/\/zonaroja.com.mx\/index.php?rest_route=\/wp\/v2\/posts"}],"about":[{"href":"https:\/\/zonaroja.com.mx\/index.php?rest_route=\/wp\/v2\/types\/post"}],"author":[{"embeddable":true,"href":"https:\/\/zonaroja.com.mx\/index.php?rest_route=\/wp\/v2\/users\/2"}],"replies":[{"embeddable":true,"href":"https:\/\/zonaroja.com.mx\/index.php?rest_route=%2Fwp%2Fv2%2Fcomments&post=6995"}],"version-history":[{"count":1,"href":"https:\/\/zonaroja.com.mx\/index.php?rest_route=\/wp\/v2\/posts\/6995\/revisions"}],"predecessor-version":[{"id":6997,"href":"https:\/\/zonaroja.com.mx\/index.php?rest_route=\/wp\/v2\/posts\/6995\/revisions\/6997"}],"wp:featuredmedia":[{"embeddable":true,"href":"https:\/\/zonaroja.com.mx\/index.php?rest_route=\/wp\/v2\/media\/6996"}],"wp:attachment":[{"href":"https:\/\/zonaroja.com.mx\/index.php?rest_route=%2Fwp%2Fv2%2Fmedia&parent=6995"}],"wp:term":[{"taxonomy":"category","embeddable":true,"href":"https:\/\/zonaroja.com.mx\/index.php?rest_route=%2Fwp%2Fv2%2Fcategories&post=6995"},{"taxonomy":"post_tag","embeddable":true,"href":"https:\/\/zonaroja.com.mx\/index.php?rest_route=%2Fwp%2Fv2%2Ftags&post=6995"}],"curies":[{"name":"wp","href":"https:\/\/api.w.org\/{rel}","templated":true}]}}