{"id":69966,"date":"2024-07-01T21:42:58","date_gmt":"2024-07-02T03:42:58","guid":{"rendered":"https:\/\/zonaroja.com.mx\/?p=69966"},"modified":"2024-07-01T22:25:04","modified_gmt":"2024-07-02T04:25:04","slug":"preven-desaparicion-de-poderes-en-la-reforma-y-reformas-al-poder-judicial","status":"publish","type":"post","link":"https:\/\/zonaroja.com.mx\/?p=69966","title":{"rendered":"Prev\u00e9n desaparici\u00f3n de poderes en La Reforma y reformas al Poder Judicial"},"content":{"rendered":"\n<p>Ismael Garc\u00eda M.\/Zona Roja.<\/p>\n\n\n\n<p>Oaxaca de Ju\u00e1rez, Oax., a 1 de julio de 2024.- Ante la situaci\u00f3n de ingobernabilidad que prevalece en La Reforma, el Congreso del Estado prev\u00e9 la desaparici\u00f3n de poderes en ese municipio, confirm\u00f3 el presidente de la Junta de Coordinaci\u00f3n Pol\u00edtica, Sergio L\u00f3pez S\u00e1nchez.<\/p>\n\n\n\n<p>Reprob\u00f3 asimismo la retenci\u00f3n del presidente municipal, Cipriano Arturo Guzm\u00e1n, desde hace casi mes y medio y consider\u00f3 que no deba haber impunidad en este caso.<\/p>\n\n\n\n<p>Entrevistado al t\u00e9rmino de la declaratoria del inicio del segundo periodo ordinario de sesiones, expuso que a la fecha, las agencias de La Reforma no han recibido los recursos presupuestales que le corresponden y el presidente municipal se ha negado a dar cuenta de ello.<\/p>\n\n\n\n<p>\u201cLa parte legal est\u00e1 en curso y quien cometa delitos tiene que pagarlo; por otro lado, ya hay documentos suficientes que acreditan que en el municipio hay ingobernabilidad.<\/p>\n\n\n\n<p>\u201cSe tiene que investigar adem\u00e1s que vaciaron las arcas, al no haber recursos, obviamente el presidente no puede disponer de los recursos; se tiene que investigar no solamente c\u00f3mo procedi\u00f3 la autoridad municipal en disponer de esos recursos, como para que al d\u00eda de hoy no puedan tenerlos\u201d, destac\u00f3.<\/p>\n\n\n\n<p>AGENDA LEGISLATIVA<\/p>\n\n\n\n<p>Por otra parte, el coordinador de la bancada de Morena en el Congreso hablo acerca de la agenda legislativa en la segunda mitad de este a\u00f1o, en que destac\u00f3 la elecci\u00f3n del o la titular de la Fiscal\u00eda Especializada en Delitos Electorales, cuya convocatoria ya est\u00e1 en curso.<\/p>\n\n\n\n<p>Adem\u00e1s, el pr\u00f3ximo inicio del procedimiento para elegir al o la titular de la Fiscal\u00eda Anticorrupci\u00f3n, pues el periodo de Jorge Emilio Iruegas ya feneci\u00f3.<\/p>\n\n\n\n<p>De&nbsp; la misma manera, una vez que se definan las reformas al Poder Judicial de la Federaci\u00f3n, se har\u00e1 lo propio con el Poder Judicial del Estado de Oaxaca.<\/p>\n\n\n\n<p>Igualmente, se preparan cambios a las leyes en materia de combate a la corrupci\u00f3n, as\u00ed como a la Ley Org\u00e1nica del Congreso, entre otros temas.<\/p>\n\n\n\n<p>TRIUNFO DE AMLO<\/p>\n\n\n\n<p>Respecto al aniversario n\u00famero seis del triunfo de Andr\u00e9s Manuel L\u00f3pez Obrador en las urnas, el diputado Sergio L\u00f3pez S\u00e1nchez felicit\u00f3 al actual Presidente de M\u00e9xico por las obras que ha emprendido, as\u00ed como los programas sociales.<\/p>\n\n\n\n<p>Particularmente las acciones en Oaxaca, como las supercarreteras a la Costa y al Istmo; el Corredor Interoce\u00e1nico; los caminos artesanales, entre otros.<\/p>\n\n\n\n<p>\u201cNuestro reconocimiento amplio al Presidente de la Rep\u00fablica, sent\u00f3 las bases de lo que llamamos la Cuarta Transformaci\u00f3n pero particularmente volte\u00f3 los ojos al sur-sureste del pa\u00eds\u2026 valor mucho tambi\u00e9n que la presidenta electa Claudia Sheinbaum retome los proyectos y les d\u00e9 continuidad\u201d, puntualiz\u00f3.<\/p>\n\n\n\n<figure class=\"wp-block-embed is-type-rich is-provider-twitter wp-block-embed-twitter\"><div class=\"wp-block-embed__wrapper\">\n<div class=\"twitter-tweet\"><blockquote class=\"twitter-tweet\" data-lang=\"es\"><p lang=\"es\" dir=\"ltr\">Tras el inicio del periodo ordinario de sesiones del <a href=\"https:\/\/twitter.com\/CongresoOaxaca_?ref_src=twsrc%5Etfw\">@CongresoOaxaca_<\/a>, el presidente de la Junta de Coordinaci\u00f3n Pol\u00edtica, <a href=\"https:\/\/twitter.com\/SergioLopez_S?ref_src=twsrc%5Etfw\">@SergioLopez_S<\/a>, habl\u00f3 de diversos temas:<br><br>-Se alista la desaparici\u00f3n de poderes en La Reforma; edil retenido se niega a entregar recursos a las agencias. <br><br>-\u2026 <a href=\"https:\/\/t.co\/nzbLgRA5xd\">pic.twitter.com\/nzbLgRA5xd<\/a><\/p>&mdash; Zona Roja Oaxaca (@ZonaRoja_Oaxaca) <a href=\"https:\/\/twitter.com\/ZonaRoja_Oaxaca\/status\/1807932751448101335?ref_src=twsrc%5Etfw\">2 de julio de 2024<\/a><\/blockquote><\/div>\n<\/div><\/figure>\n","protected":false},"excerpt":{"rendered":"<p>Ismael Garc\u00eda M.\/Zona Roja. Oaxaca de Ju\u00e1rez, Oax., a 1 de julio de 2024.- Ante&hellip;<\/p>\n","protected":false},"author":2,"featured_media":69967,"comment_status":"closed","ping_status":"open","sticky":false,"template":"","format":"standard","meta":{"_lmt_disableupdate":"","_lmt_disable":"","_jetpack_memberships_contains_paid_content":false,"footnotes":""},"categories":[109,46],"tags":[3803],"class_list":["post-69966","post","type-post","status-publish","format-standard","has-post-thumbnail","hentry","category-minuto-a-minuto","category-zona-blanca","tag-sergio-lopez-sanchez"],"jetpack_featured_media_url":"https:\/\/zonaroja.com.mx\/wp-content\/uploads\/2024\/07\/Sergio-Lopez-Sanchez.jpg","jetpack_sharing_enabled":true,"_links":{"self":[{"href":"https:\/\/zonaroja.com.mx\/index.php?rest_route=\/wp\/v2\/posts\/69966","targetHints":{"allow":["GET"]}}],"collection":[{"href":"https:\/\/zonaroja.com.mx\/index.php?rest_route=\/wp\/v2\/posts"}],"about":[{"href":"https:\/\/zonaroja.com.mx\/index.php?rest_route=\/wp\/v2\/types\/post"}],"author":[{"embeddable":true,"href":"https:\/\/zonaroja.com.mx\/index.php?rest_route=\/wp\/v2\/users\/2"}],"replies":[{"embeddable":true,"href":"https:\/\/zonaroja.com.mx\/index.php?rest_route=%2Fwp%2Fv2%2Fcomments&post=69966"}],"version-history":[{"count":2,"href":"https:\/\/zonaroja.com.mx\/index.php?rest_route=\/wp\/v2\/posts\/69966\/revisions"}],"predecessor-version":[{"id":69969,"href":"https:\/\/zonaroja.com.mx\/index.php?rest_route=\/wp\/v2\/posts\/69966\/revisions\/69969"}],"wp:featuredmedia":[{"embeddable":true,"href":"https:\/\/zonaroja.com.mx\/index.php?rest_route=\/wp\/v2\/media\/69967"}],"wp:attachment":[{"href":"https:\/\/zonaroja.com.mx\/index.php?rest_route=%2Fwp%2Fv2%2Fmedia&parent=69966"}],"wp:term":[{"taxonomy":"category","embeddable":true,"href":"https:\/\/zonaroja.com.mx\/index.php?rest_route=%2Fwp%2Fv2%2Fcategories&post=69966"},{"taxonomy":"post_tag","embeddable":true,"href":"https:\/\/zonaroja.com.mx\/index.php?rest_route=%2Fwp%2Fv2%2Ftags&post=69966"}],"curies":[{"name":"wp","href":"https:\/\/api.w.org\/{rel}","templated":true}]}}