{"id":69970,"date":"2024-07-02T06:13:49","date_gmt":"2024-07-02T12:13:49","guid":{"rendered":"https:\/\/zonaroja.com.mx\/?p=69970"},"modified":"2024-07-02T06:13:51","modified_gmt":"2024-07-02T12:13:51","slug":"masacran-a-20-personas-en-chiapas-por-disputa-entre-carteles","status":"publish","type":"post","link":"https:\/\/zonaroja.com.mx\/?p=69970","title":{"rendered":"Masacran a 20 personas en Chiapas, por disputa entre c\u00e1rteles"},"content":{"rendered":"\n<p>Redacci\u00f3n\/Zona Roja Cdmx.<\/p>\n\n\n\n<p>Ciudad de M\u00e9xico, a 2 de julio de 2024.- La Secretar\u00eda de Seguridad y Protecci\u00f3n Ciudadana (SSPC) confirm\u00f3 la muerte de 20 personas, entre ellas cuatro de origen guatemalteco, en el municipio de La Concordia en Chiapas, como parte de la disputa entre grupos criminales por el territorio.<\/p>\n\n\n\n<p>Fue el pasado viernes 28 de junio cuando presuntos integrantes del C\u00e1rtel de Sinaloa difundieron un video en el que&nbsp;se aprecia a varias personas sin vida al interior de un cami\u00f3n de volteo vestidas con&nbsp;equipo t\u00e1ctico y que portaban armas largas.&nbsp;<\/p>\n\n\n\n<p>Estas habr\u00edan sido se\u00f1aladas por el grupo delincuencial como miembros de otra organizaci\u00f3n criminal que&nbsp;opera entre Chiapas y Guatemala.<\/p>\n\n\n\n<p>Un d\u00eda despu\u00e9s, el 29 de junio, las autoridades recibieron una llamada al 911 que reportaba la presencia de personas fallecidas en un tramo de la carretera&nbsp;a Jaltenango de la Paz con la rancher\u00eda La Reforma, en el municipio de La Concordia.<\/p>\n\n\n\n<p>Al arribar al sitio ubicado a 7.4 kil\u00f3metros de Jaltenango, las autoridades localizaron una camioneta&nbsp;Nissan, doble cabina, y un cami\u00f3n de volteo, color blanco, atravesados en el camino.&nbsp;<\/p>\n\n\n\n<p>En la caja del cami\u00f3n se localizaron a 15 hombres asesinados por arma de fuego, dos m\u00e1s en la cabina, dos a un costado y uno m\u00e1s aproximadamente a 100 metros del veh\u00edculo, este \u00faltimo presentaba&nbsp;impactos de bala de grueso calibre. Cuatro de las v\u00edctimas portaban&nbsp;identificaciones emitidas por el gobierno guatemalteco.<\/p>\n\n\n\n<p>Por estos hechos, la Fiscal\u00eda General de Justicia de Chiapas inici\u00f3 el levantamiento de los cuerpos y abri\u00f3 la carpeta de investigaci\u00f3n&nbsp;n\u00famero CI0017-020-2908 -2024 para dar con los responsables de&nbsp;los hechos.&nbsp;<\/p>\n\n\n\n<p>La SSPC revel\u00f3 que el asesinato de estas personas estar\u00eda relacionado con la confrontaci\u00f3n que mantienen el C\u00e1rtel de Sinaloa y los c\u00e1rteles de Chiapas y Guatemala por el control delincuencial de esta zona fronteriza.&nbsp;<\/p>\n\n\n\n<p>A la par, indic\u00f3 que en la zona se ha detenido a varias personas por&nbsp;il\u00edcitos relacionadas con tr\u00e1fico de drogas, tr\u00e1fico y trata de personas, y tr\u00e1fico de armas.<\/p>\n\n\n\n<p>En este sentido, record\u00f3 que en d\u00edas pasados el Gobierno Federal reforz\u00f3 la presencia de la Guardia Nacional y de la Secretar\u00eda de la Defensa Nacional en la zona&nbsp;y el fin de semana se orden\u00f3 el incremento de mil 200 efectivos m\u00e1s para apoyar la labor de seguridad en la entidad.<\/p>\n\n\n\n<p>(Informaci\u00f3n de Radio F\u00f3rmula)<\/p>\n","protected":false},"excerpt":{"rendered":"<p>Redacci\u00f3n\/Zona Roja Cdmx. Ciudad de M\u00e9xico, a 2 de julio de 2024.- La Secretar\u00eda de&hellip;<\/p>\n","protected":false},"author":2,"featured_media":69971,"comment_status":"closed","ping_status":"open","sticky":false,"template":"","format":"standard","meta":{"_lmt_disableupdate":"","_lmt_disable":"","_jetpack_memberships_contains_paid_content":false,"footnotes":""},"categories":[109,51],"tags":[3686],"class_list":["post-69970","post","type-post","status-publish","format-standard","has-post-thumbnail","hentry","category-minuto-a-minuto","category-zona-roja","tag-crimen-organizado-en-chiapas"],"jetpack_featured_media_url":"https:\/\/zonaroja.com.mx\/wp-content\/uploads\/2024\/07\/Masacre-en-Chiapas.jpeg","jetpack_sharing_enabled":true,"_links":{"self":[{"href":"https:\/\/zonaroja.com.mx\/index.php?rest_route=\/wp\/v2\/posts\/69970","targetHints":{"allow":["GET"]}}],"collection":[{"href":"https:\/\/zonaroja.com.mx\/index.php?rest_route=\/wp\/v2\/posts"}],"about":[{"href":"https:\/\/zonaroja.com.mx\/index.php?rest_route=\/wp\/v2\/types\/post"}],"author":[{"embeddable":true,"href":"https:\/\/zonaroja.com.mx\/index.php?rest_route=\/wp\/v2\/users\/2"}],"replies":[{"embeddable":true,"href":"https:\/\/zonaroja.com.mx\/index.php?rest_route=%2Fwp%2Fv2%2Fcomments&post=69970"}],"version-history":[{"count":1,"href":"https:\/\/zonaroja.com.mx\/index.php?rest_route=\/wp\/v2\/posts\/69970\/revisions"}],"predecessor-version":[{"id":69972,"href":"https:\/\/zonaroja.com.mx\/index.php?rest_route=\/wp\/v2\/posts\/69970\/revisions\/69972"}],"wp:featuredmedia":[{"embeddable":true,"href":"https:\/\/zonaroja.com.mx\/index.php?rest_route=\/wp\/v2\/media\/69971"}],"wp:attachment":[{"href":"https:\/\/zonaroja.com.mx\/index.php?rest_route=%2Fwp%2Fv2%2Fmedia&parent=69970"}],"wp:term":[{"taxonomy":"category","embeddable":true,"href":"https:\/\/zonaroja.com.mx\/index.php?rest_route=%2Fwp%2Fv2%2Fcategories&post=69970"},{"taxonomy":"post_tag","embeddable":true,"href":"https:\/\/zonaroja.com.mx\/index.php?rest_route=%2Fwp%2Fv2%2Ftags&post=69970"}],"curies":[{"name":"wp","href":"https:\/\/api.w.org\/{rel}","templated":true}]}}