{"id":69973,"date":"2024-07-02T08:23:00","date_gmt":"2024-07-02T14:23:00","guid":{"rendered":"https:\/\/zonaroja.com.mx\/?p=69973"},"modified":"2024-07-02T07:25:12","modified_gmt":"2024-07-02T13:25:12","slug":"tragedias-y-accidentes-dejan-siete-muertos-en-oaxaca","status":"publish","type":"post","link":"https:\/\/zonaroja.com.mx\/?p=69973","title":{"rendered":"Tragedias y accidentes dejan siete muertos en Oaxaca"},"content":{"rendered":"\n<p>Raymundo Morales\/Zona Roja.<\/p>\n\n\n\n<p>Oaxaca de Ju\u00e1rez, Oax., a 2 de julio de 2024.- En menos de 24 horas, al menos siete personas perdieron la vida en accidentes carreteros ocurridos en las regiones Sierra Sur e Istmo de Tehuantepec.<\/p>\n\n\n\n<p>La m\u00e1s reciente tragedia ocurri\u00f3 anoche en la v\u00eda federal 175, en el acceso a Miahuatl\u00e1n de Porfirio D\u00edaz, en que una camioneta registr\u00f3 un desperfecto mec\u00e1nico; los ocupantes se bajaron a ayudar pero en ese momento pas\u00f3 otra unidad de motor que arroll\u00f3 a varias personas, por lo cual al menos cuatro de ellas perdieron la vida.<\/p>\n\n\n\n<p>Ayer tambi\u00e9n pero en la ma\u00f1ana, en el municipio de Salina Cruz un hombre perdi\u00f3 la vida, tras ser arrollado por un cami\u00f3n de transporte de pasajeros.<\/p>\n\n\n\n<p>Ocurri\u00f3 en la calzada Refiner\u00eda en jurisdicci\u00f3n de la colonia Adolfo L\u00f3pez Mateos, y la v\u00edctima ha sido identificada como \u201cEl Huame\u201d; el chofer del cami\u00f3n huy\u00f3 de la zona.&nbsp;<\/p>\n\n\n\n<p>Mientras que en la refiner\u00eda \u201cIng. Antonio Doval\u00ed Jaime\u201d ocurri\u00f3 un accidente en que una persona del sexo masculino perdi\u00f3 la vida, supuestamente aplastada por una plataforma durante una maniobra.<\/p>\n\n\n\n<p>La v\u00edctima a\u00fan no ha sido identificada debido al hermetismo de Petr\u00f3leos Mexicanos pero trascendi\u00f3 que pertenec\u00eda a la empresa Recal, que realiza labores en la planta coquizadora que se construye.<\/p>\n\n\n\n<p>En la v\u00eda federal 190, en el tramo Huajuapan de Le\u00f3n-Tamazul\u00e1pam del Progreso, un veh\u00edculo cay\u00f3 al fondo de un barranco, lo que dej\u00f3 como saldo una persona fallecida y dos m\u00e1s lesionadas.<\/p>\n\n\n\n<p>Otro percance ocurri\u00f3 ayer por la madrugada en la v\u00eda federal 190 Oaxaca-Istmo, en jurisdicci\u00f3n de Santiago Matatl\u00e1n, en que se impactaron dos veh\u00edculos, entre ellos un taxi colectivo, donde resultaron lesionadas al menos siete personas.<\/p>\n\n\n\n<p>Un accidente m\u00e1s se registr\u00f3 en la supercarretera Oaxaca-Cuacnopalan, cerca de Asunci\u00f3n Nochixtl\u00e1n, donde se incendi\u00f3 un autob\u00fas de pasajeros de la l\u00ednea ADO, aunque no se registraron v\u00edctimas.<\/p>\n","protected":false},"excerpt":{"rendered":"<p>Raymundo Morales\/Zona Roja. Oaxaca de Ju\u00e1rez, Oax., a 2 de julio de 2024.- En menos&hellip;<\/p>\n","protected":false},"author":2,"featured_media":69974,"comment_status":"closed","ping_status":"open","sticky":false,"template":"","format":"standard","meta":{"_lmt_disableupdate":"","_lmt_disable":"","_jetpack_memberships_contains_paid_content":false,"footnotes":""},"categories":[109,51],"tags":[3416],"class_list":["post-69973","post","type-post","status-publish","format-standard","has-post-thumbnail","hentry","category-minuto-a-minuto","category-zona-roja","tag-accidentes-carreteros-oaxaca"],"jetpack_featured_media_url":"https:\/\/zonaroja.com.mx\/wp-content\/uploads\/2024\/07\/Accidente-Miahuatlan.jpeg","jetpack_sharing_enabled":true,"_links":{"self":[{"href":"https:\/\/zonaroja.com.mx\/index.php?rest_route=\/wp\/v2\/posts\/69973","targetHints":{"allow":["GET"]}}],"collection":[{"href":"https:\/\/zonaroja.com.mx\/index.php?rest_route=\/wp\/v2\/posts"}],"about":[{"href":"https:\/\/zonaroja.com.mx\/index.php?rest_route=\/wp\/v2\/types\/post"}],"author":[{"embeddable":true,"href":"https:\/\/zonaroja.com.mx\/index.php?rest_route=\/wp\/v2\/users\/2"}],"replies":[{"embeddable":true,"href":"https:\/\/zonaroja.com.mx\/index.php?rest_route=%2Fwp%2Fv2%2Fcomments&post=69973"}],"version-history":[{"count":1,"href":"https:\/\/zonaroja.com.mx\/index.php?rest_route=\/wp\/v2\/posts\/69973\/revisions"}],"predecessor-version":[{"id":69975,"href":"https:\/\/zonaroja.com.mx\/index.php?rest_route=\/wp\/v2\/posts\/69973\/revisions\/69975"}],"wp:featuredmedia":[{"embeddable":true,"href":"https:\/\/zonaroja.com.mx\/index.php?rest_route=\/wp\/v2\/media\/69974"}],"wp:attachment":[{"href":"https:\/\/zonaroja.com.mx\/index.php?rest_route=%2Fwp%2Fv2%2Fmedia&parent=69973"}],"wp:term":[{"taxonomy":"category","embeddable":true,"href":"https:\/\/zonaroja.com.mx\/index.php?rest_route=%2Fwp%2Fv2%2Fcategories&post=69973"},{"taxonomy":"post_tag","embeddable":true,"href":"https:\/\/zonaroja.com.mx\/index.php?rest_route=%2Fwp%2Fv2%2Ftags&post=69973"}],"curies":[{"name":"wp","href":"https:\/\/api.w.org\/{rel}","templated":true}]}}