{"id":69988,"date":"2024-07-02T16:34:29","date_gmt":"2024-07-02T22:34:29","guid":{"rendered":"https:\/\/zonaroja.com.mx\/?p=69988"},"modified":"2024-07-02T16:34:31","modified_gmt":"2024-07-02T22:34:31","slug":"en-cinco-anos-guardia-nacional-acumula-mas-de-mil-700-quejas-ante-la-cndh","status":"publish","type":"post","link":"https:\/\/zonaroja.com.mx\/?p=69988","title":{"rendered":"En cinco a\u00f1os, Guardia Nacional acumula m\u00e1s de mil 700 quejas ante la CNDH"},"content":{"rendered":"\n<p>Redacci\u00f3n\/Zona Roja Cdmx.<\/p>\n\n\n\n<p>Ciudad de M\u00e9xico, a 2 de julio de 2024.- La Guardia Nacional, una de las apuestas en materia de seguridad del presidente Andr\u00e9s Manuel L\u00f3pez Obrador, cumple este a\u00f1o cinco a\u00f1os de su creaci\u00f3n, la cual se pens\u00f3 para sustituir a la Polic\u00eda Federal. Sin embargo, no se ha librado de malas pr\u00e1cticas, como la violaci\u00f3n de derechos humanos.<\/p>\n\n\n\n<p>De acuerdo con el Sistema Nacional de Alerta de Violaci\u00f3n de Derechos Humanos de la Comisi\u00f3n Nacional de Derechos Humanos (CNDH), se han presentado mil 779 quejas en contra de la Guardia Nacional desde el 1 de julio de 2019, cuando se consolid\u00f3 su creaci\u00f3n y hasta la fecha.<\/p>\n\n\n\n<p>La cifra m\u00e1s escandalosa dentro de los registros es la que revela la cantidad de derechos humanos que han sido investigados para su defensa, resultado de las quejas que se han presentado en contra de la corporaci\u00f3n.<\/p>\n\n\n\n<p>El informe indica que la cifra de derechos humanos indagados es de 3 mil 813 mil, con una cantidad importante de quejas presentadas en la regi\u00f3n centro del pa\u00eds, espec\u00edficamente en el Estado de M\u00e9xico.<\/p>\n\n\n\n<p>Como parre de este informe se presenta que 137 expedientes se han abierto en contra de la corporaci\u00f3n en el municipio de La Paz, municipio mexiquense. Aunque es cierto que un total de 64 quejas no cuentan con un registro sobre el lugar en el que se presentaron.<\/p>\n\n\n\n<p>El siguiente registro m\u00e1s alto ocurri\u00f3 en Tijuana, Baja California, en donde se notificaron de 45 expedientes; luego Ciudad Ju\u00e1rez, Chihuahua, con 36 y Le\u00f3n, Guanajuato, en donde se tuvo registro de 35 casos.<\/p>\n\n\n\n<p>En la Ciudad de M\u00e9xico, las demarcaciones en donde se registr\u00f3 el mayor n\u00famero de quejas por posibles violaciones a los derechos humanos fue Miguel Hidalgo con 14; Venustiano Carranza con 10, y la Gustavo A. Madero, con nueve.<\/p>\n\n\n\n<p>El Estado de M\u00e9xico tiene 258 expedientes sobre la Guardia Nacional y la Ciudad de M\u00e9xico acumula 161.<\/p>\n\n\n\n<p>Entre los derechos m\u00e1s vulnerados, la Comisi\u00f3n Nacional de los Derechos Humanos sostiene que en 113 casos nos se puede determinar. En los que s\u00ed, se encontr\u00f3 que 110 expedientes se\u00f1alan a agentes de la corporaci\u00f3n por Acciones y omisiones contrarios a la legalidad.<\/p>\n\n\n\n<p>Otros 99 expedientes se\u00f1alan intimidaci\u00f3n; mientras que en 88 m\u00e1s queda \u201csin fundar\u201d el acto de la autoridad y 76 m\u00e1s no se motiv\u00f3; en otros 54 se se\u00f1al\u00f3 el ejercicio de violencia desproporcionada durante la detenci\u00f3n de alguna persona; 49 m\u00e1s por causar da\u00f1o derivado del empleo arbitrario de la fuerza y 47 por tortura.<\/p>\n\n\n\n<p>Tambi\u00e9n se tienen registros contra agentes de la Guardia Nacional por presuntamente Apoderarse de bienes muebles sin consentimiento; retenci\u00f3n ilegal; impedir el derecho al trabajo digno; as\u00ed como omitir brindar protecci\u00f3n o auxilio, efectuar una detenci\u00f3n sin contar con una orden, entre otras.<\/p>\n\n\n\n<p>Pese a estas posibles violaciones a los derechos humanos, el presidente L\u00f3pez Obrador ha manifestado en repetidas ocasiones, y as\u00ed lo plantea en su reforma a la corporaci\u00f3n, que esta debe formar parte de la Secretar\u00eda de la Defensa Nacional (Sedena), haciendo a un lado su car\u00e1cter civil, con el cual fue fundada.<\/p>\n\n\n\n<p>(Informaci\u00f3n de Infobae M\u00e9xico)<\/p>\n","protected":false},"excerpt":{"rendered":"<p>Redacci\u00f3n\/Zona Roja Cdmx. Ciudad de M\u00e9xico, a 2 de julio de 2024.- La Guardia Nacional,&hellip;<\/p>\n","protected":false},"author":2,"featured_media":69989,"comment_status":"closed","ping_status":"open","sticky":false,"template":"","format":"standard","meta":{"_lmt_disableupdate":"","_lmt_disable":"","_jetpack_memberships_contains_paid_content":false,"footnotes":""},"categories":[109,47],"tags":[278],"class_list":["post-69988","post","type-post","status-publish","format-standard","has-post-thumbnail","hentry","category-minuto-a-minuto","category-zona-gris","tag-guardia-nacional"],"jetpack_featured_media_url":"https:\/\/zonaroja.com.mx\/wp-content\/uploads\/2024\/07\/Guardia-Nacional.jpg","jetpack_sharing_enabled":true,"_links":{"self":[{"href":"https:\/\/zonaroja.com.mx\/index.php?rest_route=\/wp\/v2\/posts\/69988","targetHints":{"allow":["GET"]}}],"collection":[{"href":"https:\/\/zonaroja.com.mx\/index.php?rest_route=\/wp\/v2\/posts"}],"about":[{"href":"https:\/\/zonaroja.com.mx\/index.php?rest_route=\/wp\/v2\/types\/post"}],"author":[{"embeddable":true,"href":"https:\/\/zonaroja.com.mx\/index.php?rest_route=\/wp\/v2\/users\/2"}],"replies":[{"embeddable":true,"href":"https:\/\/zonaroja.com.mx\/index.php?rest_route=%2Fwp%2Fv2%2Fcomments&post=69988"}],"version-history":[{"count":1,"href":"https:\/\/zonaroja.com.mx\/index.php?rest_route=\/wp\/v2\/posts\/69988\/revisions"}],"predecessor-version":[{"id":69990,"href":"https:\/\/zonaroja.com.mx\/index.php?rest_route=\/wp\/v2\/posts\/69988\/revisions\/69990"}],"wp:featuredmedia":[{"embeddable":true,"href":"https:\/\/zonaroja.com.mx\/index.php?rest_route=\/wp\/v2\/media\/69989"}],"wp:attachment":[{"href":"https:\/\/zonaroja.com.mx\/index.php?rest_route=%2Fwp%2Fv2%2Fmedia&parent=69988"}],"wp:term":[{"taxonomy":"category","embeddable":true,"href":"https:\/\/zonaroja.com.mx\/index.php?rest_route=%2Fwp%2Fv2%2Fcategories&post=69988"},{"taxonomy":"post_tag","embeddable":true,"href":"https:\/\/zonaroja.com.mx\/index.php?rest_route=%2Fwp%2Fv2%2Ftags&post=69988"}],"curies":[{"name":"wp","href":"https:\/\/api.w.org\/{rel}","templated":true}]}}