{"id":6999,"date":"2019-12-26T15:26:30","date_gmt":"2019-12-26T21:26:30","guid":{"rendered":"http:\/\/www.zonaroja.com.mx\/?p=6999"},"modified":"2019-12-26T15:26:33","modified_gmt":"2019-12-26T21:26:33","slug":"padre-e-hijo-atacaron-a-maria-elena-aprehenden-a-probable-autor-material","status":"publish","type":"post","link":"https:\/\/zonaroja.com.mx\/?p=6999","title":{"rendered":"Padre e hijo atacaron a Mar\u00eda Elena; aprehenden a probable autor material"},"content":{"rendered":"\n<p>Ismael Garc\u00eda M.\/Zona Roja.<\/p>\n\n\n\n<p>Oaxaca de Ju\u00e1rez, Oax., 26 de diciembre\nde 2019.- Padre e hijo se confabularon, junto con otras personas, para atacar\ncon \u00e1cido a Mar\u00eda Elena R\u00edos Ortiz, inform\u00f3 la Fiscal\u00eda General del Estado, al\nanunciar esta tarde la detenci\u00f3n de una segunda persona.<\/p>\n\n\n\n<p>Se trata de Rubicel H. R., quien habr\u00eda\nsido el autor material de la agresi\u00f3n perpetrada el 9 de septiembre en\nHuajuapan de Le\u00f3n, mientras que su progenitor, identificado como Ponciano H.\nY., fue quien vigil\u00f3 que no hubiera personas cercanas al local donde se\nencontraba la saxofonista y su madre.<\/p>\n\n\n\n<p>En conferencia de prensa, el fiscal\nRub\u00e9n Vasconcelos M\u00e9ndez explic\u00f3 que Rubicel lleg\u00f3 a Huajuapan el d\u00eda 8 de\nseptiembre para realizar la acci\u00f3n il\u00edcita y conoc\u00eda a Mar\u00eda Elena mediante\nfotos, sab\u00eda su nombre y el lugar donde se encontrar\u00eda.<\/p>\n\n\n\n<p>\u201cAlguien, que estamos investigando, le\nproporcion\u00f3 el \u00e1cido sulf\u00farico que servir\u00eda para cometer el delito. Al d\u00eda\nsiguiente, ambos sujetos, aproximadamente a las 10 de la ma\u00f1ana, se acercaron\nal domicilio.<\/p>\n\n\n\n<p>\u201cUno se encarg\u00f3 de vigilar el lugar y\nlos alrededores y el otro de efectuar la acci\u00f3n\u201d, detall\u00f3.<\/p>\n\n\n\n<p>Tras la detenci\u00f3n el pasado 23 de\ndiciembre de Ponciano H. Y., se le puso a disposici\u00f3n de un juez, quien\ndetermin\u00f3 vincularlo a proceso. En el caso de Rubicel, a las 15:00 horas fue\npuesto a disposici\u00f3n de un juez.<\/p>\n\n\n\n<p>De acuerdo con la causa penal 553\/2019,\nel 6 de septiembre de 2019, aproximadamente a las 15:46 horas, Mar\u00eda Elena recibi\u00f3\nuna llamada telef\u00f3nica de una persona del sexo masculino, solicit\u00e1ndole sus\nservicios para el tr\u00e1mite de una Visa, agend\u00e1ndose una cita para el 9 de\nseptiembre a las 10:00 horas en el domicilio y negocio de la agraviada, ubicado\nen la ciudad de Huajuapan de Le\u00f3n.<\/p>\n\n\n\n<p>Seg\u00fan la Fiscal\u00eda, el 9 de septiembre,\nla joven recibi\u00f3 un mensaje de la persona que hab\u00eda agendando la cita y\naproximadamente a las 10:10 horas, arrib\u00f3 un sujeto que se identific\u00f3 como R.\nL., quien despu\u00e9s de cruzar unas palabras con la v\u00edctima, le roc\u00edo \u00e1cido\nsulf\u00farico sobre el rostro y cuerpo.<\/p>\n\n\n\n<p>\u201cLa investigaci\u00f3n sigue abierta;\nsabemos que hay otros participantes en estos hechos, no dejaremos de actuar\ncontra todos, quienes sean, los que estuvieron de alguna forma involucrados\u201d,\nse\u00f1al\u00f3 Vasconcelos M\u00e9ndez.<\/p>\n\n\n\n<p>Del caso del ex diputado local Juan Antonio Vera Carrizal, se\u00f1alado por Mar\u00eda Elena como probable autor intelectual, a\u00fan no se tienen pistas y el fiscal no dio mayores datos.<\/p>\n","protected":false},"excerpt":{"rendered":"<p>Ismael Garc\u00eda M.\/Zona Roja. Oaxaca de Ju\u00e1rez, Oax., 26 de diciembre de 2019.- Padre e&hellip;<\/p>\n","protected":false},"author":2,"featured_media":7000,"comment_status":"closed","ping_status":"open","sticky":false,"template":"","format":"standard","meta":{"_lmt_disableupdate":"","_lmt_disable":"","_jetpack_memberships_contains_paid_content":false,"footnotes":""},"categories":[109,51],"tags":[494,1124],"class_list":["post-6999","post","type-post","status-publish","format-standard","has-post-thumbnail","hentry","category-minuto-a-minuto","category-zona-roja","tag-fiscalia-general-del-estado-de-oaxaca","tag-maria-elena-rios-ortiz"],"jetpack_featured_media_url":"https:\/\/zonaroja.com.mx\/wp-content\/uploads\/2019\/12\/Conferencia-Fiscal\u00eda-general.jpg","jetpack_sharing_enabled":true,"_links":{"self":[{"href":"https:\/\/zonaroja.com.mx\/index.php?rest_route=\/wp\/v2\/posts\/6999","targetHints":{"allow":["GET"]}}],"collection":[{"href":"https:\/\/zonaroja.com.mx\/index.php?rest_route=\/wp\/v2\/posts"}],"about":[{"href":"https:\/\/zonaroja.com.mx\/index.php?rest_route=\/wp\/v2\/types\/post"}],"author":[{"embeddable":true,"href":"https:\/\/zonaroja.com.mx\/index.php?rest_route=\/wp\/v2\/users\/2"}],"replies":[{"embeddable":true,"href":"https:\/\/zonaroja.com.mx\/index.php?rest_route=%2Fwp%2Fv2%2Fcomments&post=6999"}],"version-history":[{"count":1,"href":"https:\/\/zonaroja.com.mx\/index.php?rest_route=\/wp\/v2\/posts\/6999\/revisions"}],"predecessor-version":[{"id":7001,"href":"https:\/\/zonaroja.com.mx\/index.php?rest_route=\/wp\/v2\/posts\/6999\/revisions\/7001"}],"wp:featuredmedia":[{"embeddable":true,"href":"https:\/\/zonaroja.com.mx\/index.php?rest_route=\/wp\/v2\/media\/7000"}],"wp:attachment":[{"href":"https:\/\/zonaroja.com.mx\/index.php?rest_route=%2Fwp%2Fv2%2Fmedia&parent=6999"}],"wp:term":[{"taxonomy":"category","embeddable":true,"href":"https:\/\/zonaroja.com.mx\/index.php?rest_route=%2Fwp%2Fv2%2Fcategories&post=6999"},{"taxonomy":"post_tag","embeddable":true,"href":"https:\/\/zonaroja.com.mx\/index.php?rest_route=%2Fwp%2Fv2%2Ftags&post=6999"}],"curies":[{"name":"wp","href":"https:\/\/api.w.org\/{rel}","templated":true}]}}