{"id":69995,"date":"2024-07-02T20:15:41","date_gmt":"2024-07-03T02:15:41","guid":{"rendered":"https:\/\/zonaroja.com.mx\/?p=69995"},"modified":"2024-07-02T20:15:43","modified_gmt":"2024-07-03T02:15:43","slug":"ante-desidia-del-ieepo-amagan-con-impedir-la-feria-del-quesillo-en-reyes-etla","status":"publish","type":"post","link":"https:\/\/zonaroja.com.mx\/?p=69995","title":{"rendered":"Ante desidia del IEEPO, amagan con impedir la Feria del Quesillo en Reyes, Etla"},"content":{"rendered":"\n<p>Raymundo Morales\/Zona Roja.<\/p>\n\n\n\n<p>Oaxaca de Ju\u00e1rez, Oax., a 2 de julio de 2024.- Habitantes del municipio de Reyes, Etla, amagaron con impedir la realizaci\u00f3n de la Feria del Quesillo, en el marco de las fiestas de la Guelaguetza, ante la desidia y contubernio del Instituto Estatal de Educaci\u00f3n P\u00fablica de Oaxaca (IEEPO) con la Secci\u00f3n 22 del SNTE.<\/p>\n\n\n\n<p>Desde hace varios meses enfrentan la problem\u00e1tica por la asignaci\u00f3n de una clave a un plantel de primaria, del cual posee la escuela \u201cResurgimiento\u201d, donde imparten clases docentes afiliados a la Secci\u00f3n 59.<\/p>\n\n\n\n<p>Sin embargo, seg\u00fan denunciaron hoy en el z\u00f3calo de la ciudad de Oaxaca, el presidente municipal Alejandro Santiago Altamirano se confabul\u00f3 con la instituci\u00f3n que dirige Emilio Montero P\u00e9rez, para arrebatarles la clave de la escuela.<\/p>\n\n\n\n<p>Lo anterior gener\u00f3 inconformidad desde la semana pasada por parte de la mayor\u00eda de habitantes de ese municipio perteneciente al distrito de Etla, en la regi\u00f3n Valles Centrales, y desde el domingo, tras una asamblea, se apoderaron del palacio municipal.<\/p>\n\n\n\n<p>Una representaci\u00f3n de padres de familia explic\u00f3 que tras las constantes faltas de docentes de la Secci\u00f3n 22, decidieron cambiarlos por docentes de la Secci\u00f3n 59, lo cual ha impactado favorablemente en la educaci\u00f3n de sus hijos.<\/p>\n\n\n\n<p>Sin embargo, desde hace ocho a\u00f1os comparten la clave educativa y ahora la gremial mayoritaria con el apoyo del IEEPO y de la autoridad municipal pretende recuperar el plantel, donde ahora dan atenci\u00f3n a 327 alumnos.<\/p>\n\n\n\n<p>\u201cEl presidente municipal ya acord\u00f3 en mesas que ya va a entrar la Secci\u00f3n 22, ya hay amenazas que si nosotros no aceptamos eso\u201d, expuso la vicepresidenta del comit\u00e9 de tutores, Blanca Jim\u00e9nez Hern\u00e1ndez, al lamentar la nula atenci\u00f3n por parte de las autoridades estatales.<\/p>\n\n\n\n<p>\u201cEn Reyes se hace la Feria del Queso y del Quesillo, el 17 de julio, pero no vamos a dejar que haya; no va a haber si no hay respuestas favorables\u201d, expuso.<\/p>\n\n\n\n<figure class=\"wp-block-embed is-type-rich is-provider-twitter wp-block-embed-twitter\"><div class=\"wp-block-embed__wrapper\">\n<div class=\"twitter-tweet\"><blockquote class=\"twitter-tweet\" data-lang=\"es\"><p lang=\"es\" dir=\"ltr\"><a href=\"https:\/\/twitter.com\/hashtag\/ENVIVO?src=hash&amp;ref_src=twsrc%5Etfw\">#ENVIVO<\/a><br>Conferencia de prensa de habitantes de Reyes, Etla.<br>Denuncian que el IEEPO y el presidente municipal pretenden favorecer a la Secci\u00f3n 22 del SNTE con una clave educativa, de un plantel formal que es atendido por docentes de la Secci\u00f3n 59. <br>\ud83d\udc47<a href=\"https:\/\/t.co\/vSTp0AfVz9\">https:\/\/t.co\/vSTp0AfVz9<\/a>?<\/p>&mdash; Zona Roja Oaxaca (@ZonaRoja_Oaxaca) <a href=\"https:\/\/twitter.com\/ZonaRoja_Oaxaca\/status\/1808237429100630149?ref_src=twsrc%5Etfw\">2 de julio de 2024<\/a><\/blockquote><\/div>\n<\/div><\/figure>\n","protected":false},"excerpt":{"rendered":"<p>Raymundo Morales\/Zona Roja. Oaxaca de Ju\u00e1rez, Oax., a 2 de julio de 2024.- Habitantes del&hellip;<\/p>\n","protected":false},"author":2,"featured_media":69996,"comment_status":"closed","ping_status":"open","sticky":false,"template":"","format":"standard","meta":{"_lmt_disableupdate":"","_lmt_disable":"","_jetpack_memberships_contains_paid_content":false,"footnotes":""},"categories":[109,47],"tags":[3957],"class_list":["post-69995","post","type-post","status-publish","format-standard","has-post-thumbnail","hentry","category-minuto-a-minuto","category-zona-gris","tag-reyes-etla"],"jetpack_featured_media_url":"https:\/\/zonaroja.com.mx\/wp-content\/uploads\/2024\/07\/Conferencia-Reyes-Etla.jpg","jetpack_sharing_enabled":true,"_links":{"self":[{"href":"https:\/\/zonaroja.com.mx\/index.php?rest_route=\/wp\/v2\/posts\/69995","targetHints":{"allow":["GET"]}}],"collection":[{"href":"https:\/\/zonaroja.com.mx\/index.php?rest_route=\/wp\/v2\/posts"}],"about":[{"href":"https:\/\/zonaroja.com.mx\/index.php?rest_route=\/wp\/v2\/types\/post"}],"author":[{"embeddable":true,"href":"https:\/\/zonaroja.com.mx\/index.php?rest_route=\/wp\/v2\/users\/2"}],"replies":[{"embeddable":true,"href":"https:\/\/zonaroja.com.mx\/index.php?rest_route=%2Fwp%2Fv2%2Fcomments&post=69995"}],"version-history":[{"count":1,"href":"https:\/\/zonaroja.com.mx\/index.php?rest_route=\/wp\/v2\/posts\/69995\/revisions"}],"predecessor-version":[{"id":69997,"href":"https:\/\/zonaroja.com.mx\/index.php?rest_route=\/wp\/v2\/posts\/69995\/revisions\/69997"}],"wp:featuredmedia":[{"embeddable":true,"href":"https:\/\/zonaroja.com.mx\/index.php?rest_route=\/wp\/v2\/media\/69996"}],"wp:attachment":[{"href":"https:\/\/zonaroja.com.mx\/index.php?rest_route=%2Fwp%2Fv2%2Fmedia&parent=69995"}],"wp:term":[{"taxonomy":"category","embeddable":true,"href":"https:\/\/zonaroja.com.mx\/index.php?rest_route=%2Fwp%2Fv2%2Fcategories&post=69995"},{"taxonomy":"post_tag","embeddable":true,"href":"https:\/\/zonaroja.com.mx\/index.php?rest_route=%2Fwp%2Fv2%2Ftags&post=69995"}],"curies":[{"name":"wp","href":"https:\/\/api.w.org\/{rel}","templated":true}]}}