{"id":70001,"date":"2024-07-03T06:53:24","date_gmt":"2024-07-03T12:53:24","guid":{"rendered":"https:\/\/zonaroja.com.mx\/?p=70001"},"modified":"2024-07-03T06:53:25","modified_gmt":"2024-07-03T12:53:25","slug":"arrastra-rio-en-veracruz-a-policias-hallan-a-tres-sin-vida-falta-uno","status":"publish","type":"post","link":"https:\/\/zonaroja.com.mx\/?p=70001","title":{"rendered":"Arrastra r\u00edo en Veracruz a polic\u00edas; hallan a tres sin vida, falta uno"},"content":{"rendered":"\n<p>Redacci\u00f3n\/Zona Roja Cdmx.<\/p>\n\n\n\n<p>Ciudad de M\u00e9xico, a 3 de julio de 2024.- Los cuerpos de tres de los cuatro agentes municipales de Tepetl\u00e1n, Veracruz, fueron localizados, luego de ser reportados como desaparecidos el domingo, cuando la corriente del r\u00edo \u201cSeco\u201d arrastr\u00f3 la patrulla en la que se transportaban, tras atender un reporte ciudadano durante el paso de la tormenta tropical \u201cChris\u201d, que afect\u00f3 al estado.<\/p>\n\n\n\n<p>Los elementos fueron identificados como Jorge Alberto, Ricky Luis Hern\u00e1ndez y Ramiro V\u00e1zquez; falta encontrar a Isidro Solano Juan, director de la corporaci\u00f3n; sin embargo, las labores de b\u00fasqueda pararon la noche del martes y se retomar\u00e1n este mi\u00e9rcoles, inform\u00f3 Leonardo Daniel Aguilar Hern\u00e1ndez, alcalde de Tepetl\u00e1n.<\/p>\n\n\n\n<p>El edil lament\u00f3 los decesos y asegur\u00f3 que se apoyar\u00e1 a las familias de los polic\u00edas con los gastos funerarios y despu\u00e9s con otras medidas.<\/p>\n\n\n\n<p>Los cad\u00e1veres fueron ubicados en tres distintos puntos tras una b\u00fasqueda en la que participaron elementos de protecci\u00f3n civil de esa demarcaci\u00f3n, as\u00ed como de los municipios vecinos de Naolinco y Alto Lucero; tambi\u00e9n se unieron personal de la Fuerza Civil y elementos del Plan DN-III de la Secretar\u00eda de la Defensa Nacional, al igual que habitantes de poblados de las cercan\u00edas del cauce.<\/p>\n\n\n\n<p>Ayer al mediod\u00eda, Guadalupe Osorno Maldonado, secretaria de Protecci\u00f3n Civil del estado, confirm\u00f3 el incidente y que se hab\u00eda localizado la unidad de la polic\u00eda municipal y el cad\u00e1ver de uno de los uniformados.<\/p>\n\n\n\n<p>Cerca de las 15:00 horas, los cuerpos de rescate hallaron el segundo cuerpo, que fue sacado de una barranca.<\/p>\n\n\n\n<p>A las 16:00 horas se localiz\u00f3 el tercer cad\u00e1ver, y fue gracias a que arrieros buscaban en el cauce del r\u00edo \u201cSeco\u201d un espacio donde el agua estuviera baja para poder cruzar su ganado, que observaron el cuerpo del uniformado y dieron aviso al agente municipal, que a su vez notific\u00f3 a las autoridades.<\/p>\n\n\n\n<p>El domingo, el director Isidro Solano y los tres oficiales a su cargo atend\u00edan un reporte de caminos cerrados por las lluvias, pero cuando regresaban a la cabecera municipal intentaron cruzar por un tramo de carretera que estaba anegado y se los llev\u00f3 la corriente a la altura del municipio Alto T\u00edo Diego.<\/p>\n\n\n\n<p>Debido a que el 30 de junio se perdi\u00f3 la comunicaci\u00f3n de la base con la patrulla, la b\u00fasqueda de los agentes se inici\u00f3 el lunes a primera hora. La corporaci\u00f3n de Tepetl\u00e1n contaba s\u00f3lo con 14 agentes, pero ahora ser\u00e1n \u00fanicamente 10.<\/p>\n\n\n\n<p>(Informaci\u00f3n de \u201cLa Jornada\u201d)<\/p>\n","protected":false},"excerpt":{"rendered":"<p>Redacci\u00f3n\/Zona Roja Cdmx. Ciudad de M\u00e9xico, a 3 de julio de 2024.- Los cuerpos de&hellip;<\/p>\n","protected":false},"author":2,"featured_media":70002,"comment_status":"closed","ping_status":"open","sticky":false,"template":"","format":"standard","meta":{"_lmt_disableupdate":"","_lmt_disable":"","_jetpack_memberships_contains_paid_content":false,"footnotes":""},"categories":[109,47],"tags":[],"class_list":["post-70001","post","type-post","status-publish","format-standard","has-post-thumbnail","hentry","category-minuto-a-minuto","category-zona-gris"],"jetpack_featured_media_url":"https:\/\/zonaroja.com.mx\/wp-content\/uploads\/2024\/07\/Policias-muertos-rio-Seco-Veracruz.jpeg","jetpack_sharing_enabled":true,"_links":{"self":[{"href":"https:\/\/zonaroja.com.mx\/index.php?rest_route=\/wp\/v2\/posts\/70001","targetHints":{"allow":["GET"]}}],"collection":[{"href":"https:\/\/zonaroja.com.mx\/index.php?rest_route=\/wp\/v2\/posts"}],"about":[{"href":"https:\/\/zonaroja.com.mx\/index.php?rest_route=\/wp\/v2\/types\/post"}],"author":[{"embeddable":true,"href":"https:\/\/zonaroja.com.mx\/index.php?rest_route=\/wp\/v2\/users\/2"}],"replies":[{"embeddable":true,"href":"https:\/\/zonaroja.com.mx\/index.php?rest_route=%2Fwp%2Fv2%2Fcomments&post=70001"}],"version-history":[{"count":1,"href":"https:\/\/zonaroja.com.mx\/index.php?rest_route=\/wp\/v2\/posts\/70001\/revisions"}],"predecessor-version":[{"id":70003,"href":"https:\/\/zonaroja.com.mx\/index.php?rest_route=\/wp\/v2\/posts\/70001\/revisions\/70003"}],"wp:featuredmedia":[{"embeddable":true,"href":"https:\/\/zonaroja.com.mx\/index.php?rest_route=\/wp\/v2\/media\/70002"}],"wp:attachment":[{"href":"https:\/\/zonaroja.com.mx\/index.php?rest_route=%2Fwp%2Fv2%2Fmedia&parent=70001"}],"wp:term":[{"taxonomy":"category","embeddable":true,"href":"https:\/\/zonaroja.com.mx\/index.php?rest_route=%2Fwp%2Fv2%2Fcategories&post=70001"},{"taxonomy":"post_tag","embeddable":true,"href":"https:\/\/zonaroja.com.mx\/index.php?rest_route=%2Fwp%2Fv2%2Ftags&post=70001"}],"curies":[{"name":"wp","href":"https:\/\/api.w.org\/{rel}","templated":true}]}}