{"id":70010,"date":"2024-07-03T10:31:00","date_gmt":"2024-07-03T16:31:00","guid":{"rendered":"https:\/\/zonaroja.com.mx\/?p=70010"},"modified":"2024-07-03T11:46:45","modified_gmt":"2024-07-03T17:46:45","slug":"daran-atencion-a-edil-retenido-hace-mes-y-medio-en-oaxaca-hasta-que-sea-liberado","status":"publish","type":"post","link":"https:\/\/zonaroja.com.mx\/?p=70010","title":{"rendered":"Dar\u00e1n atenci\u00f3n a edil retenido hace mes y medio en Oaxaca\u2026 hasta que sea liberado"},"content":{"rendered":"\n<p>Ismael Garc\u00eda M.\/Zona Roja.<\/p>\n\n\n\n<p>Oaxaca de Ju\u00e1rez, Oax., a 3 de julio de 2024.- El presidente municipal de La Reforma, Putla, ser\u00e1 atendido m\u00e9dicamente hasta la ciudad de Oaxaca, despu\u00e9s de que sea liberado de la retenci\u00f3n que inici\u00f3 hace casi mes y medio.<\/p>\n\n\n\n<p>Mientras tanto, esta ma\u00f1ana un grupo de simpatizantes del edil arribaron a la sede del Congreso del Estado, en el municipio de San Raymundo Jalpan, para pedir audiencia con los legisladores. <\/p>\n\n\n\n<p>Ayer, los familiares del edil Cipriano Arturo Guzm\u00e1n Boh\u00f3rquez y el Centro de Derechos Humanos y Asesor\u00eda a Pueblos Ind\u00edgenas A. C. dieron a conocer el acuerdo signado con el gobierno estatal:<\/p>\n\n\n\n<p>\u201cCon fecha 25 de junio del 2024, se firm\u00f3 una minuta de trabajo donde el personal de la secretar\u00eda de Salud y Direcci\u00f3n General de los Servicios de Salud de Oaxaca, asume el compromiso de que, al momento de la liberaci\u00f3n del presidente municipal brindar\u00e1 atenci\u00f3n medica inmediata al ciudadano Cipriano Arturo, para trasladarlo a un hospital en la ciudad&nbsp; de Oaxaca, toda vez que para la atenci\u00f3n que requiere se necesita contar con aparatos especializados. Por lo que tan pronto se tenga conocimiento de la liberaci\u00f3n se brindara&nbsp; dicha atenci\u00f3n.<\/p>\n\n\n\n<p>\u201cLa Secretar\u00eda de Salud y Protecci\u00f3n Ciudadana se compromete a brindar acompa\u00f1amiento a las instituciones cuando as\u00ed lo soliciten, considerando que no existen condiciones para resguardar la seguridad y vigilancia en la zona; as\u00ed mismo brindaran el acompa\u00f1amiento durante el traslado del presidente municipal al momento de su liberaci\u00f3n\u201d.<\/p>\n\n\n\n<p>No obstante, reprocharon que se est\u00e9 negociando la liberaci\u00f3n del presidente municipal y tres personas m\u00e1s, con la condici\u00f3n de desaparecer poderes en el municipio de La Reforma, que se concretar\u00eda este mi\u00e9rcoles en el Congreso del Estado.<\/p>\n\n\n\n<p>\u201cEn la realidad existe un presidente municipal secuestrado desde hace 40 d\u00edas ya que se encuentra en una situaci\u00f3n de gravedad en su salud, ya que un medico de la Secretar\u00eda de Salud del estado de Oaxaca determin\u00f3 que debe de ser trasladado a un hospital, para su atenci\u00f3n m\u00e9dica, y en lugar de que se ejercite acci\u00f3n penal en contra de sus captores, el Congreso del Estado desaparecer\u00e1 los poderes en el municipio de La Reforma, poniendo en un riesgo m\u00e1s grave al presidente municipal Cipriano Arturo Guzm\u00e1n Boh\u00f3rquez\u201d, detallaron en un comunicado. &nbsp;&nbsp;<\/p>\n\n\n\n<p>El pasado domingo 30 de junio del 2024, los habitantes del municipio de La Reforma y otras comunidades efectuaron una marcha en el centro de dicha comunidad, donde exigieron la liberaci\u00f3n inmediata de su presidente municipal Cipriano Arturo Guzm\u00e1n Boh\u00f3rquez y de las otras tres personas m\u00e1s. &nbsp;<\/p>\n","protected":false},"excerpt":{"rendered":"<p>Ismael Garc\u00eda M.\/Zona Roja. Oaxaca de Ju\u00e1rez, Oax., a 3 de julio de 2024.- El&hellip;<\/p>\n","protected":false},"author":2,"featured_media":70011,"comment_status":"closed","ping_status":"open","sticky":false,"template":"","format":"standard","meta":{"_lmt_disableupdate":"","_lmt_disable":"","_jetpack_memberships_contains_paid_content":false,"footnotes":""},"categories":[109,47],"tags":[3951],"class_list":["post-70010","post","type-post","status-publish","format-standard","has-post-thumbnail","hentry","category-minuto-a-minuto","category-zona-gris","tag-la-reforma-putla"],"jetpack_featured_media_url":"https:\/\/zonaroja.com.mx\/wp-content\/uploads\/2024\/07\/Protesta-La-Reforma.jpeg","jetpack_sharing_enabled":true,"_links":{"self":[{"href":"https:\/\/zonaroja.com.mx\/index.php?rest_route=\/wp\/v2\/posts\/70010","targetHints":{"allow":["GET"]}}],"collection":[{"href":"https:\/\/zonaroja.com.mx\/index.php?rest_route=\/wp\/v2\/posts"}],"about":[{"href":"https:\/\/zonaroja.com.mx\/index.php?rest_route=\/wp\/v2\/types\/post"}],"author":[{"embeddable":true,"href":"https:\/\/zonaroja.com.mx\/index.php?rest_route=\/wp\/v2\/users\/2"}],"replies":[{"embeddable":true,"href":"https:\/\/zonaroja.com.mx\/index.php?rest_route=%2Fwp%2Fv2%2Fcomments&post=70010"}],"version-history":[{"count":2,"href":"https:\/\/zonaroja.com.mx\/index.php?rest_route=\/wp\/v2\/posts\/70010\/revisions"}],"predecessor-version":[{"id":70024,"href":"https:\/\/zonaroja.com.mx\/index.php?rest_route=\/wp\/v2\/posts\/70010\/revisions\/70024"}],"wp:featuredmedia":[{"embeddable":true,"href":"https:\/\/zonaroja.com.mx\/index.php?rest_route=\/wp\/v2\/media\/70011"}],"wp:attachment":[{"href":"https:\/\/zonaroja.com.mx\/index.php?rest_route=%2Fwp%2Fv2%2Fmedia&parent=70010"}],"wp:term":[{"taxonomy":"category","embeddable":true,"href":"https:\/\/zonaroja.com.mx\/index.php?rest_route=%2Fwp%2Fv2%2Fcategories&post=70010"},{"taxonomy":"post_tag","embeddable":true,"href":"https:\/\/zonaroja.com.mx\/index.php?rest_route=%2Fwp%2Fv2%2Ftags&post=70010"}],"curies":[{"name":"wp","href":"https:\/\/api.w.org\/{rel}","templated":true}]}}