{"id":70013,"date":"2024-07-03T08:09:33","date_gmt":"2024-07-03T14:09:33","guid":{"rendered":"https:\/\/zonaroja.com.mx\/?p=70013"},"modified":"2024-07-03T08:09:34","modified_gmt":"2024-07-03T14:09:34","slug":"van-tres-dias-de-bloqueo-carretero-en-sola-de-vega-otro-en-astana","status":"publish","type":"post","link":"https:\/\/zonaroja.com.mx\/?p=70013","title":{"rendered":"Van tres d\u00edas de bloqueo carretero en Sola de Vega; otro en Astana"},"content":{"rendered":"\n<p>Raymundo Morales\/Zona Roja.<\/p>\n\n\n\n<p>Oaxaca de Ju\u00e1rez, Oax., a 3 de julio de 2024.- Por tercer d\u00eda consecutivo, pobladores de la Villa Sola de Vega mantienen un bloqueo a la carretera federal 131 que comunica a la regi\u00f3n Costa de Oaxaca.<\/p>\n\n\n\n<p>Seg\u00fan han denunciado desde el lunes, el presidente municipal Iv\u00e1n Quiroz, surgido del Partido Morena, no ha hecho obras para el barrio Santa Anita y se alista a dejar el cargo para asumir como diputado local, en la 66 Legislatura del Congreso.<\/p>\n\n\n\n<p>A trav\u00e9s de un video, reiteraron su postura:<\/p>\n\n\n\n<p>\u201cComo ciudadanos del barrio Santa Anita tomemos acciones, porque si no las tomamos, creo que no nos van a escuchar. Cuando estos personajes llegaron al poder como Morena, creo que est\u00e1bamos tambi\u00e9n alegres, porque dec\u00edan que no iba a haber corrupci\u00f3n, que se iba a atender al pueblo.&nbsp;<\/p>\n\n\n\n<p>\u201cDesgraciadamente estamos peor que los priistas, peor que los panistas, porque tratan a uno con la punta del pie\u201d.<\/p>\n\n\n\n<p>Entre otras, exigen la conclusi\u00f3n de un puente peatonal; que se les proporcione copia del expediente t\u00e9cnico de una pavimentaci\u00f3n en la calle Trujano; continuar con los trabajos de electrificaci\u00f3n y tramitar la concesi\u00f3n de la planta de tratamiento de aguas residuales.<\/p>\n\n\n\n<p>Adem\u00e1s, dar mantenimiento a vialidades de terracer\u00eda, incrementar el apoyo del Ramo 28 a las agencias, n\u00facleos rurales y barrios, y una audiencia con el secretario de Gobierno, Jes\u00fas Romero L\u00f3pez.<\/p>\n\n\n\n<p>OTRO BLOQUEO<\/p>\n\n\n\n<p>Por otra parte, ayer por la tarde un grupo de personas inici\u00f3 un bloqueo a la carretera federal 200 de la regi\u00f3n Costa, a la altura de Santiago Astata.<\/p>\n\n\n\n<p>Pobladores de la localidad de Zaachila denuncian p\u00e9simo servicio por parte de la Comisi\u00f3n Federal de Electricidad (CFE), lo que ha generado cortes en la energ\u00eda el\u00e9ctrica.<\/p>\n\n\n\n<p>Amagaron con el cierre indefinido de la vialidad, en caso de que la instituci\u00f3n federal no atiende a la brevedad la problem\u00e1tica.<\/p>\n","protected":false},"excerpt":{"rendered":"<p>Raymundo Morales\/Zona Roja. Oaxaca de Ju\u00e1rez, Oax., a 3 de julio de 2024.- Por tercer&hellip;<\/p>\n","protected":false},"author":2,"featured_media":70014,"comment_status":"closed","ping_status":"open","sticky":false,"template":"","format":"standard","meta":{"_lmt_disableupdate":"","_lmt_disable":"","_jetpack_memberships_contains_paid_content":false,"footnotes":""},"categories":[109,47],"tags":[1975],"class_list":["post-70013","post","type-post","status-publish","format-standard","has-post-thumbnail","hentry","category-minuto-a-minuto","category-zona-gris","tag-bloqueos-carreteros-oaxaca"],"jetpack_featured_media_url":"https:\/\/zonaroja.com.mx\/wp-content\/uploads\/2024\/07\/Bloqueo-Sola-de-Vega.webp","jetpack_sharing_enabled":true,"_links":{"self":[{"href":"https:\/\/zonaroja.com.mx\/index.php?rest_route=\/wp\/v2\/posts\/70013","targetHints":{"allow":["GET"]}}],"collection":[{"href":"https:\/\/zonaroja.com.mx\/index.php?rest_route=\/wp\/v2\/posts"}],"about":[{"href":"https:\/\/zonaroja.com.mx\/index.php?rest_route=\/wp\/v2\/types\/post"}],"author":[{"embeddable":true,"href":"https:\/\/zonaroja.com.mx\/index.php?rest_route=\/wp\/v2\/users\/2"}],"replies":[{"embeddable":true,"href":"https:\/\/zonaroja.com.mx\/index.php?rest_route=%2Fwp%2Fv2%2Fcomments&post=70013"}],"version-history":[{"count":1,"href":"https:\/\/zonaroja.com.mx\/index.php?rest_route=\/wp\/v2\/posts\/70013\/revisions"}],"predecessor-version":[{"id":70015,"href":"https:\/\/zonaroja.com.mx\/index.php?rest_route=\/wp\/v2\/posts\/70013\/revisions\/70015"}],"wp:featuredmedia":[{"embeddable":true,"href":"https:\/\/zonaroja.com.mx\/index.php?rest_route=\/wp\/v2\/media\/70014"}],"wp:attachment":[{"href":"https:\/\/zonaroja.com.mx\/index.php?rest_route=%2Fwp%2Fv2%2Fmedia&parent=70013"}],"wp:term":[{"taxonomy":"category","embeddable":true,"href":"https:\/\/zonaroja.com.mx\/index.php?rest_route=%2Fwp%2Fv2%2Fcategories&post=70013"},{"taxonomy":"post_tag","embeddable":true,"href":"https:\/\/zonaroja.com.mx\/index.php?rest_route=%2Fwp%2Fv2%2Ftags&post=70013"}],"curies":[{"name":"wp","href":"https:\/\/api.w.org\/{rel}","templated":true}]}}