{"id":70019,"date":"2024-07-03T13:12:00","date_gmt":"2024-07-03T19:12:00","guid":{"rendered":"https:\/\/zonaroja.com.mx\/?p=70019"},"modified":"2024-07-03T08:14:49","modified_gmt":"2024-07-03T14:14:49","slug":"elena-poniatowska-considera-que-susana-harp-seria-buena-secretaria-de-cultura","status":"publish","type":"post","link":"https:\/\/zonaroja.com.mx\/?p=70019","title":{"rendered":"Elena Poniatowska considera que Susana Harp ser\u00eda buena secretaria de Cultura"},"content":{"rendered":"\n<p>Redacci\u00f3n\/Zona Roja Cdmx.<\/p>\n\n\n\n<p>Ciudad de M\u00e9xico, a 3 de julio de 2024.- \u201cTengo relaci\u00f3n de cari\u00f1o con Susana Harp, la admiro no solo como int\u00e9rprete, por su dedicaci\u00f3n, generosidad, me parece una mujer generosa. Est\u00e1 en nuestra realidad, conoce muy bien al pa\u00eds, ama mucho a M\u00e9xico y a la gente de M\u00e9xico, si ella lo es, yo creo que va a ser una gran directora de cultura\u201d, respondi\u00f3 a las preguntas de la prensa Elena Poniatowska al ser inquirida sobre los nombres que se escuchan para encabezar la Secretaria de Cultura Federal.<\/p>\n\n\n\n<p>Estas declaraciones fueron vertidas por la escritora que es Premio Cervantes, durante la presentaci\u00f3n del documental \u201cLa voz del viento\u201d (2024), realizada este fin de semana en la Fundaci\u00f3n que lleva su nombre, situada en la Calle Jos\u00e9 Mart\u00ed de la colonia Escand\u00f3n, del poniente de la Ciudad de M\u00e9xico.<\/p>\n\n\n\n<p>Acompa\u00f1ada por los productores del documental, encabezados por Felipe Haro Poniatowski, y ante m\u00e1s de cien personas, la escritora agradeci\u00f3 la realizaci\u00f3n del documental que ser\u00e1 transmitido por el canal Aprende+ (14.2 en se\u00f1al abierta) este 5 y 12 de julio a las 21:30 horas.<\/p>\n\n\n\n<p>El equipo que produjo el filme estuvo confirmado por Azucena Pimentel, productora ejecutiva; Enrique Quintero, productor general; y los realizadores H\u00e9ctor Ortega, Maril\u00fa Rasso y Columba V\u00e9rtiz de la Fuente.<\/p>\n\n\n\n<p>Felipe Haro Poniatowski quien apoy\u00f3 con diversos materiales record\u00f3 el prop\u00f3sito de la fundaci\u00f3n Poniatowska: \u201ctodos pueden escribir con la mano, pero si perdemos la memoria nos perdemos a nosotros mismos\u201d.<\/p>\n\n\n\n<p>Por su parte Azucena Pimentel coment\u00f3 que era muy importante que el documental se proyecte en telesecundarias y tele-bachilleratos de todo el pa\u00eds. Columba V\u00e9rtiz de la Fuente dijo de Elena Poniatowska que \u201cal pueblo le ha dado voz y eso es significativo, el documental muestra todas esas facetas\u201d.<\/p>\n\n\n\n<p>(Informaci\u00f3n de \u00abLa Jornada\u00bb)<\/p>\n","protected":false},"excerpt":{"rendered":"<p>Redacci\u00f3n\/Zona Roja Cdmx. Ciudad de M\u00e9xico, a 3 de julio de 2024.- \u201cTengo relaci\u00f3n de&hellip;<\/p>\n","protected":false},"author":2,"featured_media":70020,"comment_status":"closed","ping_status":"open","sticky":false,"template":"","format":"standard","meta":{"_lmt_disableupdate":"","_lmt_disable":"","_jetpack_memberships_contains_paid_content":false,"footnotes":""},"categories":[109,46],"tags":[1685],"class_list":["post-70019","post","type-post","status-publish","format-standard","has-post-thumbnail","hentry","category-minuto-a-minuto","category-zona-blanca","tag-susana-harp-iturribarria"],"jetpack_featured_media_url":"https:\/\/zonaroja.com.mx\/wp-content\/uploads\/2024\/07\/Elena-Poniatowska-y-Susana-Harp.jpg","jetpack_sharing_enabled":true,"_links":{"self":[{"href":"https:\/\/zonaroja.com.mx\/index.php?rest_route=\/wp\/v2\/posts\/70019","targetHints":{"allow":["GET"]}}],"collection":[{"href":"https:\/\/zonaroja.com.mx\/index.php?rest_route=\/wp\/v2\/posts"}],"about":[{"href":"https:\/\/zonaroja.com.mx\/index.php?rest_route=\/wp\/v2\/types\/post"}],"author":[{"embeddable":true,"href":"https:\/\/zonaroja.com.mx\/index.php?rest_route=\/wp\/v2\/users\/2"}],"replies":[{"embeddable":true,"href":"https:\/\/zonaroja.com.mx\/index.php?rest_route=%2Fwp%2Fv2%2Fcomments&post=70019"}],"version-history":[{"count":1,"href":"https:\/\/zonaroja.com.mx\/index.php?rest_route=\/wp\/v2\/posts\/70019\/revisions"}],"predecessor-version":[{"id":70021,"href":"https:\/\/zonaroja.com.mx\/index.php?rest_route=\/wp\/v2\/posts\/70019\/revisions\/70021"}],"wp:featuredmedia":[{"embeddable":true,"href":"https:\/\/zonaroja.com.mx\/index.php?rest_route=\/wp\/v2\/media\/70020"}],"wp:attachment":[{"href":"https:\/\/zonaroja.com.mx\/index.php?rest_route=%2Fwp%2Fv2%2Fmedia&parent=70019"}],"wp:term":[{"taxonomy":"category","embeddable":true,"href":"https:\/\/zonaroja.com.mx\/index.php?rest_route=%2Fwp%2Fv2%2Fcategories&post=70019"},{"taxonomy":"post_tag","embeddable":true,"href":"https:\/\/zonaroja.com.mx\/index.php?rest_route=%2Fwp%2Fv2%2Ftags&post=70019"}],"curies":[{"name":"wp","href":"https:\/\/api.w.org\/{rel}","templated":true}]}}