{"id":7002,"date":"2019-12-26T17:02:19","date_gmt":"2019-12-26T23:02:19","guid":{"rendered":"http:\/\/www.zonaroja.com.mx\/?p=7002"},"modified":"2019-12-26T17:02:22","modified_gmt":"2019-12-26T23:02:22","slug":"violencia-en-juxtlahuaca-policia-asesina-a-policia-emboscan-a-triquis","status":"publish","type":"post","link":"https:\/\/zonaroja.com.mx\/?p=7002","title":{"rendered":"Violencia en Juxtlahuaca: polic\u00eda asesina a polic\u00eda; emboscan a triquis"},"content":{"rendered":"\n<p>Ismael Garc\u00eda M.\/Zona Roja. <\/p>\n\n\n\n<p>Oaxaca de Ju\u00e1rez, Oax., 26 de diciembre\nde 2019.- Un elemento de la polic\u00eda municipal asesin\u00f3 a balazos a su propio\ncompa\u00f1ero en Santiago Juxtlahuaca, mientras que en la zona triqui, el MULT\nacus\u00f3 emboscada y ataque armado en contra de sus militantes.<\/p>\n\n\n\n<p>En un crucero vial del bulevar de\nacceso a Juxtlahuaca, presuntamente Teodoro R. V. discuti\u00f3 con su compa\u00f1ero\nuniformado, de nombre Enrique Miguel Vicente, por lo que desenfund\u00f3 su arma de\ncargo y le dio muerte, tras lo cual huy\u00f3.<\/p>\n\n\n\n<p>Hasta el momento se desconoce el m\u00f3vil del asesinato de quien fuera originario de Asunci\u00f3n Nochixtl\u00e1n, mientras que del probable responsable, se emiti\u00f3 una ficha de b\u00fasqueda y es originario de Silacayoapan; hasta el momento no ha sido localizado.<\/p>\n\n\n\n<figure class=\"wp-block-image\"><img decoding=\"async\" width=\"731\" height=\"762\" src=\"http:\/\/www.zonaroja.com.mx\/wp-content\/uploads\/2019\/12\/3758b33e-3255-4f36-a137-0343566400e8.jpg\" alt=\"\" class=\"wp-image-7004\" srcset=\"https:\/\/zonaroja.com.mx\/wp-content\/uploads\/2019\/12\/3758b33e-3255-4f36-a137-0343566400e8.jpg 731w, https:\/\/zonaroja.com.mx\/wp-content\/uploads\/2019\/12\/3758b33e-3255-4f36-a137-0343566400e8-288x300.jpg 288w, https:\/\/zonaroja.com.mx\/wp-content\/uploads\/2019\/12\/3758b33e-3255-4f36-a137-0343566400e8-585x610.jpg 585w\" sizes=\"(max-width: 731px) 100vw, 731px\" \/><\/figure>\n\n\n\n<p>Mientras tanto, el Movimiento de Unificaci\u00f3n\ny Lucha Triqui (MULT) denunci\u00f3 que ayer por la tare, en el paraje \u201cCruz\nChiquita\u201d fue emboscado un veh\u00edculo donde se trasladaban a pobladores de la\ncomunidad R\u00edo Ceniza.<\/p>\n\n\n\n<p>No hubo v\u00edctimas, sino solamente\nimpactos de arma a la camioneta, causados por presuntos agresores de la comunidad\nde Yosoyuxi Copala, Juxtlahuaca.<\/p>\n\n\n\n<p>El ataque armado ocurri\u00f3 sobre la\ncarretera federal, a la altura de la localidad de Tierra Blanca Copala.<\/p>\n","protected":false},"excerpt":{"rendered":"<p>Ismael Garc\u00eda M.\/Zona Roja. Oaxaca de Ju\u00e1rez, Oax., 26 de diciembre de 2019.- Un elemento&hellip;<\/p>\n","protected":false},"author":2,"featured_media":7003,"comment_status":"closed","ping_status":"open","sticky":false,"template":"","format":"standard","meta":{"_lmt_disableupdate":"","_lmt_disable":"","_jetpack_memberships_contains_paid_content":false,"footnotes":""},"categories":[109,51],"tags":[732,826],"class_list":["post-7002","post","type-post","status-publish","format-standard","has-post-thumbnail","hentry","category-minuto-a-minuto","category-zona-roja","tag-movimiento-de-unificacion-y-lucha-triqui","tag-santiago-juxtlahuaca"],"jetpack_featured_media_url":"https:\/\/zonaroja.com.mx\/wp-content\/uploads\/2019\/12\/Juxtlahuaca2.jpg","jetpack_sharing_enabled":true,"_links":{"self":[{"href":"https:\/\/zonaroja.com.mx\/index.php?rest_route=\/wp\/v2\/posts\/7002","targetHints":{"allow":["GET"]}}],"collection":[{"href":"https:\/\/zonaroja.com.mx\/index.php?rest_route=\/wp\/v2\/posts"}],"about":[{"href":"https:\/\/zonaroja.com.mx\/index.php?rest_route=\/wp\/v2\/types\/post"}],"author":[{"embeddable":true,"href":"https:\/\/zonaroja.com.mx\/index.php?rest_route=\/wp\/v2\/users\/2"}],"replies":[{"embeddable":true,"href":"https:\/\/zonaroja.com.mx\/index.php?rest_route=%2Fwp%2Fv2%2Fcomments&post=7002"}],"version-history":[{"count":1,"href":"https:\/\/zonaroja.com.mx\/index.php?rest_route=\/wp\/v2\/posts\/7002\/revisions"}],"predecessor-version":[{"id":7005,"href":"https:\/\/zonaroja.com.mx\/index.php?rest_route=\/wp\/v2\/posts\/7002\/revisions\/7005"}],"wp:featuredmedia":[{"embeddable":true,"href":"https:\/\/zonaroja.com.mx\/index.php?rest_route=\/wp\/v2\/media\/7003"}],"wp:attachment":[{"href":"https:\/\/zonaroja.com.mx\/index.php?rest_route=%2Fwp%2Fv2%2Fmedia&parent=7002"}],"wp:term":[{"taxonomy":"category","embeddable":true,"href":"https:\/\/zonaroja.com.mx\/index.php?rest_route=%2Fwp%2Fv2%2Fcategories&post=7002"},{"taxonomy":"post_tag","embeddable":true,"href":"https:\/\/zonaroja.com.mx\/index.php?rest_route=%2Fwp%2Fv2%2Ftags&post=7002"}],"curies":[{"name":"wp","href":"https:\/\/api.w.org\/{rel}","templated":true}]}}