{"id":70025,"date":"2024-07-03T18:49:17","date_gmt":"2024-07-04T00:49:17","guid":{"rendered":"https:\/\/zonaroja.com.mx\/?p=70025"},"modified":"2024-07-03T18:49:19","modified_gmt":"2024-07-04T00:49:19","slug":"en-el-marco-de-la-guelaguetza-habra-85-actividades-artistico-culturales","status":"publish","type":"post","link":"https:\/\/zonaroja.com.mx\/?p=70025","title":{"rendered":"En el marco de la Guelaguetza, habr\u00e1 85 actividades art\u00edstico-culturales\u00a0"},"content":{"rendered":"\n<p>Redacci\u00f3n\/Zona Roja.<\/p>\n\n\n\n<p>Oaxaca de Ju\u00e1rez, Oax., a 3 de julio de 2024.- Exposiciones fotogr\u00e1ficas, presentaciones musicales, danc\u00edsticas y literarias conforman la oferta cultural que se presentar\u00e1 en distintas sedes de la ciudad de Oaxaca como parte de las \u201cFiestas de Julio, Mes de la Guelaguetza\u201d.<\/p>\n\n\n\n<p>La Secretar\u00eda de las Culturas y Artes inform\u00f3 que el programa est\u00e1 conformado por 85 actividades culturales y art\u00edsticas que se desarrollar\u00e1n en escenarios como la Alameda de Le\u00f3n, el Z\u00f3calo de la ciudad de Oaxaca, la Real Alh\u00f3ndiga de Antequera, el Museo Precolombino \u00abRufino Tamayo\u201d, el Teatro \u201cMacedonio Alcal\u00e1\u201d, Museo de los Pintores y el auditorio \u201cGuelaguetza\u201d.<\/p>\n\n\n\n<p>Destac\u00f3 las 64 presentaciones musicales y de obras literarias en lenguas ind\u00edgena que se presentar\u00e1n en un horario de 16:00 a 20:00 horas; incluyendo el concierto de la Banda Filarm\u00f3nica \u201cSandunga\u00bb, de Santo Domingo Tehuantepec, a se realizar\u00e1 el 4 de julio.<\/p>\n\n\n\n<p>El 6 de julio, el solista Edgar Lany Flores se presentar\u00e1 en el Museo de los Pintores Oaxaque\u00f1os, ubicado en avenida Independencia 607, a las 16:00 horas; mientras que la compa\u00f1\u00eda de Danza del Estado de Oaxaca estar\u00e1 en el Z\u00f3calo, el 8 de julio.<\/p>\n\n\n\n<p>El 13 de julio, el Tr\u00edo Oaxakanto compartir\u00e1 sus \u00e9xitos en la Real Alh\u00f3ndiga de Antequera ubicado en la calle Aldama 200. El martes 16 de julio, la Marimba Nueva Esmeralda llegar\u00e1 desde Capul\u00e1lpam de M\u00e9ndez al Z\u00f3calo de la ciudad de Oaxaca.<\/p>\n\n\n\n<p>Mientras que el 21 de julio, las jaranas de Casa Sotaventina llegar\u00e1n a la Real Alh\u00f3ndiga de Antequera, desde la Cuenca del Papaloapan. La agenda programada por la dependencia tambi\u00e9n incluye conciertos de Alejandra Robles \u201cLa Morena\u201d, Miroslava Ferra, Lorena y los Alebrijes, entre otros.<\/p>\n\n\n\n<p>La programaci\u00f3n puede consultarse en las redes oficiales de la Secretar\u00eda de las Culturas y Artes y del Gobierno del Estado de Oaxaca.<\/p>\n","protected":false},"excerpt":{"rendered":"<p>Redacci\u00f3n\/Zona Roja. Oaxaca de Ju\u00e1rez, Oax., a 3 de julio de 2024.- Exposiciones fotogr\u00e1ficas, presentaciones&hellip;<\/p>\n","protected":false},"author":2,"featured_media":70026,"comment_status":"closed","ping_status":"open","sticky":false,"template":"","format":"standard","meta":{"_lmt_disableupdate":"","_lmt_disable":"","_jetpack_memberships_contains_paid_content":false,"footnotes":""},"categories":[109,46],"tags":[3972],"class_list":["post-70025","post","type-post","status-publish","format-standard","has-post-thumbnail","hentry","category-minuto-a-minuto","category-zona-blanca","tag-guelaguetza-2024"],"jetpack_featured_media_url":"https:\/\/zonaroja.com.mx\/wp-content\/uploads\/2024\/07\/Fiestas-de-la-Guelaguetza.jpeg","jetpack_sharing_enabled":true,"_links":{"self":[{"href":"https:\/\/zonaroja.com.mx\/index.php?rest_route=\/wp\/v2\/posts\/70025","targetHints":{"allow":["GET"]}}],"collection":[{"href":"https:\/\/zonaroja.com.mx\/index.php?rest_route=\/wp\/v2\/posts"}],"about":[{"href":"https:\/\/zonaroja.com.mx\/index.php?rest_route=\/wp\/v2\/types\/post"}],"author":[{"embeddable":true,"href":"https:\/\/zonaroja.com.mx\/index.php?rest_route=\/wp\/v2\/users\/2"}],"replies":[{"embeddable":true,"href":"https:\/\/zonaroja.com.mx\/index.php?rest_route=%2Fwp%2Fv2%2Fcomments&post=70025"}],"version-history":[{"count":1,"href":"https:\/\/zonaroja.com.mx\/index.php?rest_route=\/wp\/v2\/posts\/70025\/revisions"}],"predecessor-version":[{"id":70027,"href":"https:\/\/zonaroja.com.mx\/index.php?rest_route=\/wp\/v2\/posts\/70025\/revisions\/70027"}],"wp:featuredmedia":[{"embeddable":true,"href":"https:\/\/zonaroja.com.mx\/index.php?rest_route=\/wp\/v2\/media\/70026"}],"wp:attachment":[{"href":"https:\/\/zonaroja.com.mx\/index.php?rest_route=%2Fwp%2Fv2%2Fmedia&parent=70025"}],"wp:term":[{"taxonomy":"category","embeddable":true,"href":"https:\/\/zonaroja.com.mx\/index.php?rest_route=%2Fwp%2Fv2%2Fcategories&post=70025"},{"taxonomy":"post_tag","embeddable":true,"href":"https:\/\/zonaroja.com.mx\/index.php?rest_route=%2Fwp%2Fv2%2Ftags&post=70025"}],"curies":[{"name":"wp","href":"https:\/\/api.w.org\/{rel}","templated":true}]}}