{"id":70028,"date":"2024-07-03T19:40:14","date_gmt":"2024-07-04T01:40:14","guid":{"rendered":"https:\/\/zonaroja.com.mx\/?p=70028"},"modified":"2024-07-03T19:40:16","modified_gmt":"2024-07-04T01:40:16","slug":"crecen-dengue-y-preocupacion-en-oaxaca-ya-se-registra-una-defuncion","status":"publish","type":"post","link":"https:\/\/zonaroja.com.mx\/?p=70028","title":{"rendered":"Crecen dengue y preocupaci\u00f3n en Oaxaca; ya se registra una defunci\u00f3n"},"content":{"rendered":"\n<p>Redacci\u00f3n\/Zona Roja.<\/p>\n\n\n\n<p>Oaxaca de Ju\u00e1rez, Oax. 3 de julio de 2024.- La crisis sanitaria por el dengue crece en Oaxaca y esta semana confirman ya el deceso de una persona, aunque hay al menos 24 casos de fallecimiento m\u00e1s en estudio.<\/p>\n\n\n\n<p>En un comunicado, el gobierno estatal inform\u00f3, a trav\u00e9s de los Servicios de Salud, que al corte de la semana epidemiol\u00f3gica n\u00famero 26 se han registrado 255 casos nuevos de la enfermedad, de los cuales 161 son mujeres y 94 hombres, para un total de mil 53 confirmados acumulados en toda la entidad.<\/p>\n\n\n\n<p>De acuerdo con la clasificaci\u00f3n del padecimiento, 433 corresponden a Dengue No Grave (DNG), 547 a Dengue Con Signos de Alarma (DCSA) y 73 a Dengue Grave (DG).&nbsp;<\/p>\n\n\n\n<p>Tambi\u00e9n se confirma una defunci\u00f3n a causa del virus, avalada por el Comit\u00e9 Nacional para la Vigilancia Epidemiol\u00f3gica (Conave) de nivel federal, se trata de una mujer de 14 a\u00f1os de edad, originaria de San Gabriel Mixtepec.<\/p>\n\n\n\n<p>Respecto a la ubicaci\u00f3n de los casos confirmados, la Jurisdicci\u00f3n Sanitaria Valles Centrales acumula 880 casos, la Costa 111, el Istmo 21, Tuxtepec 15, as\u00ed como la Mixteca y Sierra 13 casos cada uno.<\/p>\n\n\n\n<p>Los municipios con mayor n\u00famero de casos confirmados durante esta semana son: Oaxaca de Ju\u00e1rez con 95, Santa Cruz Xoxocotl\u00e1n con 35, San Antonio de la Cal con 14, Villa de Zaachila 13 casos y Miahuatl\u00e1n de Porfirio D\u00edaz 8 casos.<\/p>\n\n\n\n<p>HABR\u00c1 TEQUIO<\/p>\n\n\n\n<p>En ese contexto, hoy se anunci\u00f3 que el gobierno de Oaxaca realizar\u00e1 este s\u00e1bado 6 y domingo 7 de julio el Megatequio Oaxaca Unida Contra el Dengue, con el objetivo de llevar a cabo el control larvario, eliminar criaderos de moscos y reducir el ciclo biol\u00f3gico del mosco en los 25 municipios con riesgo alto de transmisi\u00f3n activa de esta enfermedad.<\/p>\n\n\n\n<p>Esta actividad que se suma a las acciones integrales y focalizadas que realizan los Servicios de Salud de Oaxaca (SSO) para prevenir y controlar la propagaci\u00f3n del mosquito transmisor \u00abAedes aegypti\u201d se desarrollar\u00e1 de 9:00 a 16:00 horas.<\/p>\n\n\n\n<p>La subsecretaria de Tequio e Inclusi\u00f3n para el Bienestar de la Sebienti, Fernanda Schmidt Ruiz, expres\u00f3 que se prev\u00e9 la participaci\u00f3n de m\u00e1s de 2 mil personas voluntarias y trabajadores de Salud para atender, tan solo en el municipio de Oaxaca de Ju\u00e1rez, 23 mil 500 viviendas mediante el control larvario y la eliminaci\u00f3n de criaderos.<\/p>\n\n\n\n<p>Asimismo, se har\u00e1n recomendaciones generales de prevenci\u00f3n y acciones en caso de tener s\u00edntomas; y se entregar\u00e1 repelente gratuito. Al final se colocar\u00e1 un distintivo para identificar las casas atendidas. Previamente, se capacitar\u00e1 a las personas voluntarias respecto a la aplicaci\u00f3n de abate y la exploraci\u00f3n al contorno de patios, \u00e1reas y jardines para eliminar posibles criaderos de zancudos.<\/p>\n\n\n\n<p>En su oportunidad el director de Prevenci\u00f3n y Promoci\u00f3n de la Salud de los SSO, Ignacio Z\u00e1rate Blas, expres\u00f3 que estos 25 municipios generan el 70 por ciento de los casos confirmados de dengue que se tienen en la entidad, y que hasta la semana epidemiol\u00f3gica 25 suman 799.<\/p>\n\n\n\n<p>A\u00f1adi\u00f3 que posterior a este gran esfuerzo colaborativo, de organizaci\u00f3n y participaci\u00f3n comunitaria que es el tequio, en un periodo de 15 d\u00edas, tiempo que dura el ciclo biol\u00f3gico del zancudo, se llevar\u00e1 a cabo la nebulizaci\u00f3n y termonebulizaci\u00f3n para cortar el periodo de transmisi\u00f3n de esta enfermedad.&nbsp;<\/p>\n","protected":false},"excerpt":{"rendered":"<p>Redacci\u00f3n\/Zona Roja. Oaxaca de Ju\u00e1rez, Oax. 3 de julio de 2024.- La crisis sanitaria por&hellip;<\/p>\n","protected":false},"author":2,"featured_media":70029,"comment_status":"closed","ping_status":"open","sticky":false,"template":"","format":"standard","meta":{"_lmt_disableupdate":"","_lmt_disable":"","_jetpack_memberships_contains_paid_content":false,"footnotes":""},"categories":[109,47],"tags":[804],"class_list":["post-70028","post","type-post","status-publish","format-standard","has-post-thumbnail","hentry","category-minuto-a-minuto","category-zona-gris","tag-dengue-en-oaxaca"],"jetpack_featured_media_url":"https:\/\/zonaroja.com.mx\/wp-content\/uploads\/2024\/07\/Dengue-mosco-transmisor.jpeg","jetpack_sharing_enabled":true,"_links":{"self":[{"href":"https:\/\/zonaroja.com.mx\/index.php?rest_route=\/wp\/v2\/posts\/70028","targetHints":{"allow":["GET"]}}],"collection":[{"href":"https:\/\/zonaroja.com.mx\/index.php?rest_route=\/wp\/v2\/posts"}],"about":[{"href":"https:\/\/zonaroja.com.mx\/index.php?rest_route=\/wp\/v2\/types\/post"}],"author":[{"embeddable":true,"href":"https:\/\/zonaroja.com.mx\/index.php?rest_route=\/wp\/v2\/users\/2"}],"replies":[{"embeddable":true,"href":"https:\/\/zonaroja.com.mx\/index.php?rest_route=%2Fwp%2Fv2%2Fcomments&post=70028"}],"version-history":[{"count":1,"href":"https:\/\/zonaroja.com.mx\/index.php?rest_route=\/wp\/v2\/posts\/70028\/revisions"}],"predecessor-version":[{"id":70030,"href":"https:\/\/zonaroja.com.mx\/index.php?rest_route=\/wp\/v2\/posts\/70028\/revisions\/70030"}],"wp:featuredmedia":[{"embeddable":true,"href":"https:\/\/zonaroja.com.mx\/index.php?rest_route=\/wp\/v2\/media\/70029"}],"wp:attachment":[{"href":"https:\/\/zonaroja.com.mx\/index.php?rest_route=%2Fwp%2Fv2%2Fmedia&parent=70028"}],"wp:term":[{"taxonomy":"category","embeddable":true,"href":"https:\/\/zonaroja.com.mx\/index.php?rest_route=%2Fwp%2Fv2%2Fcategories&post=70028"},{"taxonomy":"post_tag","embeddable":true,"href":"https:\/\/zonaroja.com.mx\/index.php?rest_route=%2Fwp%2Fv2%2Ftags&post=70028"}],"curies":[{"name":"wp","href":"https:\/\/api.w.org\/{rel}","templated":true}]}}