{"id":70032,"date":"2024-07-03T20:56:52","date_gmt":"2024-07-04T02:56:52","guid":{"rendered":"https:\/\/zonaroja.com.mx\/?p=70032"},"modified":"2024-07-03T20:56:54","modified_gmt":"2024-07-04T02:56:54","slug":"irresuelto-conflicto-en-juquila-mixe-bloquean-supercarretera-al-istmo","status":"publish","type":"post","link":"https:\/\/zonaroja.com.mx\/?p=70032","title":{"rendered":"Irresuelto conflicto en Juquila Mixe; bloquean supercarretera al Istmo"},"content":{"rendered":"\n<p>Raymundo Morales\/Zona Roja.<\/p>\n\n\n\n<p>Oaxaca de Ju\u00e1rez, Oax., a 3 de julio de 2024.- Un en\u00e9simo incumplimiento por parte de autoridades estatales deriv\u00f3 este mi\u00e9rcoles en el bloqueo a los trabajos de construcci\u00f3n de la supercarrerera Oaxaca-Istmo, por parte de habitantes de la agencia Guadalupe Victoria, del municipio de San Juan Juquila Mixe.<\/p>\n\n\n\n<p>A trav\u00e9s de un video, denunciaron el desd\u00e9n del secretario de Gobierno, Jes\u00fas Romero L\u00f3pez, para garantizar el retorno de los desplazados desde hace ocho a\u00f1os de su comunidad, por parte de San Pedro Ocotepec.<\/p>\n\n\n\n<p>El cierre de la vialidad se registra del kil\u00f3metro 122+18 al 137+564 de la supercarretera, en su tramo Mitla-Tehuantepec y hasta el momento ninguna autoridad ha intervenido para dar una soluci\u00f3n.<\/p>\n\n\n\n<p>Y es que de acuerdo con la minuta firmada el pasado 6 de mayo, el gobernador Salom\u00f3n Jara Cruz se hab\u00eda comprometido enviar la seguridad p\u00fablica para garantizar el retorno de 128 familias desplazadas de Guadalupe Victoria, desde el 7 de enero de 2017.<\/p>\n\n\n\n<p>Incluso se hab\u00eda comprometido que se instalar\u00eda una Base de Operaciones Mixtas (BOM) en la misma comunidad, para resguardar la integridad de la poblaci\u00f3n en general, as\u00ed como tambi\u00e9n la seguridad en el tramo carretero de Juquila Mixe-Guadalupe Victoria para que los ciudadanos puedan transitar sinsentir amenaza alguna.&nbsp;<\/p>\n\n\n\n<p>Por ello, la municipal y la auxiliar exigen al gobierno de Salom\u00f3n Jara Cruz cumplir con la minuta de acuerdo que firmaron el pasado 6 de mayo, en donde con la presencia de autoridades comunales, municipales estatales y federales, se acord\u00f3 la implementaci\u00f3n de operativos de seguridad para generar las condiciones de paz y el libre tr\u00e1nsito a los pobladores en la zona en conflicto, entre San Pedro Ocotopec y San Juan Juquila.<\/p>\n\n\n\n<p>De igual manera, culparon al funcionario federal AdelfoRegino Montes, como presunto autor de paralizar los acuerdos del establecimiento de paz social en la comunidad, financiando al grupo armado operado por la comunidad de San Pedro Ocotepec Mixe, y de una minor\u00eda de individuos armados (sicarios) de la misma comunidad de Guadalupe Victoria, amenazando a las personas que buscan el bienestar com\u00fan.<\/p>\n\n\n\n<figure class=\"wp-block-embed is-type-rich is-provider-twitter wp-block-embed-twitter\"><div class=\"wp-block-embed__wrapper\">\n<div class=\"twitter-tweet\"><blockquote class=\"twitter-tweet\" data-lang=\"es\"><p lang=\"es\" dir=\"ltr\">Resurge el conflicto en la zona Mixe de <a href=\"https:\/\/twitter.com\/hashtag\/Oaxaca?src=hash&amp;ref_src=twsrc%5Etfw\">#Oaxaca<\/a> y bloquean de nuevo los trabajos de la supercarretera al Istmo. <br><br>Acusan incumplimiento de la Secretar\u00eda de Gobierno para el retorno de familias a San Juan Juquila Mixe. <a href=\"https:\/\/t.co\/k83q6o25an\">pic.twitter.com\/k83q6o25an<\/a><\/p>&mdash; Zona Roja Oaxaca (@ZonaRoja_Oaxaca) <a href=\"https:\/\/twitter.com\/ZonaRoja_Oaxaca\/status\/1808589283093271040?ref_src=twsrc%5Etfw\">3 de julio de 2024<\/a><\/blockquote><\/div>\n<\/div><\/figure>\n","protected":false},"excerpt":{"rendered":"<p>Raymundo Morales\/Zona Roja. Oaxaca de Ju\u00e1rez, Oax., a 3 de julio de 2024.- Un en\u00e9simo&hellip;<\/p>\n","protected":false},"author":2,"featured_media":70033,"comment_status":"closed","ping_status":"open","sticky":false,"template":"","format":"standard","meta":{"_lmt_disableupdate":"","_lmt_disable":"","_jetpack_memberships_contains_paid_content":false,"footnotes":""},"categories":[109,47],"tags":[2822],"class_list":["post-70032","post","type-post","status-publish","format-standard","has-post-thumbnail","hentry","category-minuto-a-minuto","category-zona-gris","tag-san-juan-juquila-mixe"],"jetpack_featured_media_url":"https:\/\/zonaroja.com.mx\/wp-content\/uploads\/2024\/07\/Protesta-San-Juan-Juquila-Mixe.jpg","jetpack_sharing_enabled":true,"_links":{"self":[{"href":"https:\/\/zonaroja.com.mx\/index.php?rest_route=\/wp\/v2\/posts\/70032","targetHints":{"allow":["GET"]}}],"collection":[{"href":"https:\/\/zonaroja.com.mx\/index.php?rest_route=\/wp\/v2\/posts"}],"about":[{"href":"https:\/\/zonaroja.com.mx\/index.php?rest_route=\/wp\/v2\/types\/post"}],"author":[{"embeddable":true,"href":"https:\/\/zonaroja.com.mx\/index.php?rest_route=\/wp\/v2\/users\/2"}],"replies":[{"embeddable":true,"href":"https:\/\/zonaroja.com.mx\/index.php?rest_route=%2Fwp%2Fv2%2Fcomments&post=70032"}],"version-history":[{"count":1,"href":"https:\/\/zonaroja.com.mx\/index.php?rest_route=\/wp\/v2\/posts\/70032\/revisions"}],"predecessor-version":[{"id":70034,"href":"https:\/\/zonaroja.com.mx\/index.php?rest_route=\/wp\/v2\/posts\/70032\/revisions\/70034"}],"wp:featuredmedia":[{"embeddable":true,"href":"https:\/\/zonaroja.com.mx\/index.php?rest_route=\/wp\/v2\/media\/70033"}],"wp:attachment":[{"href":"https:\/\/zonaroja.com.mx\/index.php?rest_route=%2Fwp%2Fv2%2Fmedia&parent=70032"}],"wp:term":[{"taxonomy":"category","embeddable":true,"href":"https:\/\/zonaroja.com.mx\/index.php?rest_route=%2Fwp%2Fv2%2Fcategories&post=70032"},{"taxonomy":"post_tag","embeddable":true,"href":"https:\/\/zonaroja.com.mx\/index.php?rest_route=%2Fwp%2Fv2%2Ftags&post=70032"}],"curies":[{"name":"wp","href":"https:\/\/api.w.org\/{rel}","templated":true}]}}