{"id":70035,"date":"2024-07-03T22:04:34","date_gmt":"2024-07-04T04:04:34","guid":{"rendered":"https:\/\/zonaroja.com.mx\/?p=70035"},"modified":"2024-07-03T22:04:36","modified_gmt":"2024-07-04T04:04:36","slug":"mata-a-su-esposa-y-luego-se-quita-la-vida-en-ciudad-ixtepec","status":"publish","type":"post","link":"https:\/\/zonaroja.com.mx\/?p=70035","title":{"rendered":"Mata a su esposa y luego se quita la vida, en Ciudad Ixtepec"},"content":{"rendered":"\n<p>Raymundo Morales\/Zona Roja.<\/p>\n\n\n\n<p>Oaxaca de Ju\u00e1rez, Oax., a 3 de julio de 2024.- Un individuo asesin\u00f3 a balazos a su esposa y despu\u00e9s se quit\u00f3 la vida, hechos ocurridos la tarde de este mi\u00e9rcoles en Ciudad Ixtepec, municipio de la regi\u00f3n del Istmo.<\/p>\n\n\n\n<p>Fue en el callej\u00f3n Gloria Poblano donde se registraron los disparos de arma de fuego, por lo cual los vecinos llamaron al n\u00famero de emergencia.<\/p>\n\n\n\n<p>Tras el arribo de param\u00e9dicos y polic\u00edas, corroboraron la existencia de dos cuerpos sin vida; la mujer fue identificada como Aracely C., de 51 a\u00f1os de edad, y el var\u00f3n Tom\u00e1s \u201cN\u201d, de 55 a\u00f1os.<\/p>\n\n\n\n<p>Seg\u00fan narraron testigos a las autoridades policiacas, el individuo arrib\u00f3 al domicilio y por motivos que a\u00fan se desconocen, comenzaron a discutir.<\/p>\n\n\n\n<p>En seguida, Tom\u00e1s tom\u00f3 un rifle calibre 22 que ten\u00eda en el domicilio y dispar\u00f3 en contra de su esposa, para luego suicidarse.<\/p>\n\n\n\n<p>Personal de la Vicefiscal\u00eda Regional del Istmo, dependiente de la Fiscal\u00eda General del Estado de Oaxaca, arrib\u00f3 al sitio para iniciar las indagatorias correspondientes.<\/p>\n","protected":false},"excerpt":{"rendered":"<p>Raymundo Morales\/Zona Roja. Oaxaca de Ju\u00e1rez, Oax., a 3 de julio de 2024.- Un individuo&hellip;<\/p>\n","protected":false},"author":2,"featured_media":70036,"comment_status":"closed","ping_status":"open","sticky":false,"template":"","format":"standard","meta":{"_lmt_disableupdate":"","_lmt_disable":"","_jetpack_memberships_contains_paid_content":false,"footnotes":""},"categories":[109,51],"tags":[703],"class_list":["post-70035","post","type-post","status-publish","format-standard","has-post-thumbnail","hentry","category-minuto-a-minuto","category-zona-roja","tag-ciudad-ixtepec"],"jetpack_featured_media_url":"https:\/\/zonaroja.com.mx\/wp-content\/uploads\/2024\/07\/Feminicidio-y-suicidio-Ciudad-Ixtepec.jpeg","jetpack_sharing_enabled":true,"_links":{"self":[{"href":"https:\/\/zonaroja.com.mx\/index.php?rest_route=\/wp\/v2\/posts\/70035","targetHints":{"allow":["GET"]}}],"collection":[{"href":"https:\/\/zonaroja.com.mx\/index.php?rest_route=\/wp\/v2\/posts"}],"about":[{"href":"https:\/\/zonaroja.com.mx\/index.php?rest_route=\/wp\/v2\/types\/post"}],"author":[{"embeddable":true,"href":"https:\/\/zonaroja.com.mx\/index.php?rest_route=\/wp\/v2\/users\/2"}],"replies":[{"embeddable":true,"href":"https:\/\/zonaroja.com.mx\/index.php?rest_route=%2Fwp%2Fv2%2Fcomments&post=70035"}],"version-history":[{"count":1,"href":"https:\/\/zonaroja.com.mx\/index.php?rest_route=\/wp\/v2\/posts\/70035\/revisions"}],"predecessor-version":[{"id":70037,"href":"https:\/\/zonaroja.com.mx\/index.php?rest_route=\/wp\/v2\/posts\/70035\/revisions\/70037"}],"wp:featuredmedia":[{"embeddable":true,"href":"https:\/\/zonaroja.com.mx\/index.php?rest_route=\/wp\/v2\/media\/70036"}],"wp:attachment":[{"href":"https:\/\/zonaroja.com.mx\/index.php?rest_route=%2Fwp%2Fv2%2Fmedia&parent=70035"}],"wp:term":[{"taxonomy":"category","embeddable":true,"href":"https:\/\/zonaroja.com.mx\/index.php?rest_route=%2Fwp%2Fv2%2Fcategories&post=70035"},{"taxonomy":"post_tag","embeddable":true,"href":"https:\/\/zonaroja.com.mx\/index.php?rest_route=%2Fwp%2Fv2%2Ftags&post=70035"}],"curies":[{"name":"wp","href":"https:\/\/api.w.org\/{rel}","templated":true}]}}