{"id":70038,"date":"2024-07-03T22:20:14","date_gmt":"2024-07-04T04:20:14","guid":{"rendered":"https:\/\/zonaroja.com.mx\/?p=70038"},"modified":"2024-07-03T22:20:15","modified_gmt":"2024-07-04T04:20:15","slug":"detiene-fiscalia-en-flagrancia-a-dos-narcomenudistas-en-la-ciudad-de-oaxaca","status":"publish","type":"post","link":"https:\/\/zonaroja.com.mx\/?p=70038","title":{"rendered":"Detiene Fiscal\u00eda en flagrancia a dos narcomenudistas en la ciudad de Oaxaca"},"content":{"rendered":"\n<p>Redacci\u00f3n\/Zona Roja.&nbsp;<\/p>\n\n\n\n<p>Oaxaca de Ju\u00e1rez, Oax., a 3 de julio de 2024.- Como resultado de un trabajo de inteligencia digital e investigaci\u00f3n ministerial, la Fiscal\u00eda General del Estado de Oaxaca (FGEO) logr\u00f3 la detenci\u00f3n en flagrancia de dos personas del sexo masculino identificadas como E.A.C.M. y A.R.C.A., por el delito Contra la Salud en su modalidad de narcomenudeo en la hip\u00f3tesis de comercio o suministro, actividad il\u00edcita en la que contactaban con los consumidores a trav\u00e9s de redes sociales en internet.<\/p>\n\n\n\n<p>El despliegue policial para la detenci\u00f3n de ambas personas fue resultado de un trabajo de inteligencia que efectu\u00f3 la FGEO, a trav\u00e9s de elementos de la Agencia Estatal de Investigaciones (AEI), derivado de denuncias ciudadanas que se\u00f1alaban que un grupo de personas comercializaba drogas a trav\u00e9s de perfiles de redes sociales.<\/p>\n\n\n\n<p>Una vez que los agentes de la AEI detectaron la operaci\u00f3n con la cual se comet\u00edan estos hechos delictivos, iniciaron las investigaciones correspondientes, por lo que montaron el operativo estrat\u00e9gico para dar con las personas cuando realizaban un acto de compra-venta en un punto de entrega, logrando detenerlos en flagrancia en la colonia Santa Anita, para posteriormente trasladarlos a las instalaciones de la FGEO y ponerlos a disposici\u00f3n de la autoridad judicial correspondiente.<\/p>\n\n\n\n<p>Las labores de inteligencia que realiza la Fiscal\u00eda de Oaxaca para dar mayor certeza a las investigaciones ministeriales por diversos delitos, permiten fortalecer la estrategia estatal de seguridad p\u00fablica y procuraci\u00f3n de justicia a favor de la ciudadan\u00eda en las diferentes regiones de la entidad.<\/p>\n\n\n\n<p>PRESUNTO PEDERASTA<\/p>\n\n\n\n<p>En otro caso y derivado del trabajo ministerial en materia de violencia sexual contra las infancias, la Fiscal\u00eda General logr\u00f3 la vinculaci\u00f3n a proceso de una persona del sexo masculino identificada como C.G.T., por delito de Pederastia, cometido en la regi\u00f3n de la Costa.<\/p>\n\n\n\n<p>De acuerdo con el expediente penal del caso, los hechos ocurrieron el 17 de mayo de 2024, cuando la v\u00edctima (una menor de edad cuya identidad est\u00e1 reservada por ley) se encontraba en un domicilio ubicado en la comunidad Paso del Jiote, perteneciente al municipio de Santa Mar\u00eda Huazolotitl\u00e1n, lugar a donde lleg\u00f3 la persona que agredi\u00f3 a la ni\u00f1a.<\/p>\n\n\n\n<p>Al tener conocimiento del caso y recibir la denuncia correspondiente, la Fiscal\u00eda de Oaxaca inici\u00f3 las investigaciones a trav\u00e9s de la Vicefiscal\u00eda Regional de la Costa logrando obtener una orden de aprehensi\u00f3n contra C.G.T., para posteriormente presentarlo ante el Juez de la causa.<\/p>\n\n\n\n<p>Tras ser valorados los datos de prueba aportados por el Ministerio P\u00fablico, el Juez dict\u00f3 la vinculaci\u00f3n a proceso en contra del imputado C.G.T., por el delito de Pederastia a quien adem\u00e1s impuso la medida de prisi\u00f3n preventiva y concedi\u00f3 dos meses para el cierre de la investigaci\u00f3n complementaria.<\/p>\n\n\n\n<p>La Fiscal\u00eda General del Estado de Oaxaca tiene como prioridad garantizar procesos de justicia eficientes en los casos de delitos cometidos en contra de ni\u00f1as, ni\u00f1os y adolescentes, a trav\u00e9s de investigaciones integrales y con perspectiva de infancia que logren garantizar el inter\u00e9s superior de la ni\u00f1ez.<\/p>\n","protected":false},"excerpt":{"rendered":"<p>Redacci\u00f3n\/Zona Roja.&nbsp; Oaxaca de Ju\u00e1rez, Oax., a 3 de julio de 2024.- Como resultado de&hellip;<\/p>\n","protected":false},"author":2,"featured_media":70039,"comment_status":"closed","ping_status":"open","sticky":false,"template":"","format":"standard","meta":{"_lmt_disableupdate":"","_lmt_disable":"","_jetpack_memberships_contains_paid_content":false,"footnotes":""},"categories":[109,46],"tags":[494],"class_list":["post-70038","post","type-post","status-publish","format-standard","has-post-thumbnail","hentry","category-minuto-a-minuto","category-zona-blanca","tag-fiscalia-general-del-estado-de-oaxaca"],"jetpack_featured_media_url":"https:\/\/zonaroja.com.mx\/wp-content\/uploads\/2024\/07\/Narcomenudistas-detenidos-ciudad-de-Oaxaca.jpg","jetpack_sharing_enabled":true,"_links":{"self":[{"href":"https:\/\/zonaroja.com.mx\/index.php?rest_route=\/wp\/v2\/posts\/70038","targetHints":{"allow":["GET"]}}],"collection":[{"href":"https:\/\/zonaroja.com.mx\/index.php?rest_route=\/wp\/v2\/posts"}],"about":[{"href":"https:\/\/zonaroja.com.mx\/index.php?rest_route=\/wp\/v2\/types\/post"}],"author":[{"embeddable":true,"href":"https:\/\/zonaroja.com.mx\/index.php?rest_route=\/wp\/v2\/users\/2"}],"replies":[{"embeddable":true,"href":"https:\/\/zonaroja.com.mx\/index.php?rest_route=%2Fwp%2Fv2%2Fcomments&post=70038"}],"version-history":[{"count":1,"href":"https:\/\/zonaroja.com.mx\/index.php?rest_route=\/wp\/v2\/posts\/70038\/revisions"}],"predecessor-version":[{"id":70040,"href":"https:\/\/zonaroja.com.mx\/index.php?rest_route=\/wp\/v2\/posts\/70038\/revisions\/70040"}],"wp:featuredmedia":[{"embeddable":true,"href":"https:\/\/zonaroja.com.mx\/index.php?rest_route=\/wp\/v2\/media\/70039"}],"wp:attachment":[{"href":"https:\/\/zonaroja.com.mx\/index.php?rest_route=%2Fwp%2Fv2%2Fmedia&parent=70038"}],"wp:term":[{"taxonomy":"category","embeddable":true,"href":"https:\/\/zonaroja.com.mx\/index.php?rest_route=%2Fwp%2Fv2%2Fcategories&post=70038"},{"taxonomy":"post_tag","embeddable":true,"href":"https:\/\/zonaroja.com.mx\/index.php?rest_route=%2Fwp%2Fv2%2Ftags&post=70038"}],"curies":[{"name":"wp","href":"https:\/\/api.w.org\/{rel}","templated":true}]}}