{"id":70054,"date":"2024-07-04T13:17:00","date_gmt":"2024-07-04T19:17:00","guid":{"rendered":"https:\/\/zonaroja.com.mx\/?p=70054"},"modified":"2024-07-04T08:22:29","modified_gmt":"2024-07-04T14:22:29","slug":"opinion-la-guelaguetza-no-es-de-los-politicos","status":"publish","type":"post","link":"https:\/\/zonaroja.com.mx\/?p=70054","title":{"rendered":"Opini\u00f3n. La Guelaguetza\u00a0no es de los pol\u00edticos"},"content":{"rendered":"\n<p>N\u00e9stor Y. S\u00e1nchez Islas<\/p>\n\n\n\n<p>El aroma a fiesta ya circula por nuestras calles, los sones ya resuenan en nuestras cabezas, la ciudad se anima y,&nbsp;a pesar de su estado desastroso,&nbsp;se prepara para ser una c\u00e1lida anfitriona de quienes nos visitar\u00e1n.<\/p>\n\n\n\n<p>Antes, durante y despu\u00e9s de la Guelaguetza se viven, cada a\u00f1o, intensos debates en los medios y las redes sociales con&nbsp;un&nbsp;tema central:&nbsp;\u00bfEs espect\u00e1culo o es cultura?&nbsp;A partir de ese eje&nbsp;ret\u00f3rico&nbsp;se desprenden todo tipo de posturas&nbsp;en que muchos oaxaque\u00f1os&nbsp;se\u00f1alan que se ha convertido en una fiesta ajena a nosotros, pero&nbsp;enfocada para el&nbsp;gusto&nbsp;del turista.&nbsp;Lo malo es que necesitamos los recursos que ellos traen&nbsp;y debemos resignarnos&nbsp;o cerrar fuentes de empleo.<\/p>\n\n\n\n<p>A este debate central deseo introducir un nuevo elemento que me parece&nbsp;que&nbsp;es el que mayor da\u00f1o le provoca a nuestra cultura: el uso que los pol\u00edticos en el poder&nbsp;les&nbsp;dan a nuestros s\u00edmbolos de identidad.<\/p>\n\n\n\n<p>No se trata del uso pol\u00edtico de la Guelaguetza, que es condenable. Se trata de algo m\u00e1s da\u00f1ino porque hablamos del uso que cada pol\u00edtico, ya sea gobernador, presidente municipal o diputado, le da a una cultura popular&nbsp;para&nbsp;convertirla&nbsp;en un veh\u00edculo de legitimidad o de propaganda, con el riesgo de que en el imaginario popular pudiera quedar anclada la imagen de la fiesta como identidad de un movimiento&nbsp;ideol\u00f3gico.&nbsp;Aqu\u00ed&nbsp;vaun ejemplo:&nbsp;Por a\u00f1os, la magn\u00edfica pieza&nbsp;\u201cHuapango\u201d de Moncayo fue utilizada por la presidencia de la rep\u00fablica para musicalizar los eventos del presidente. Se convirti\u00f3 en un s\u00edmbolo del viejo PRI. Afortunadamente hoy ya no es as\u00ed.<\/p>\n\n\n\n<p>Tuvimos en el pasado reciente el uso que Murat le dio a la Guelaguetza para legitimar una oaxaque\u00f1idad que no posee.&nbsp;Copi\u00f3&nbsp;los excesos tipo Carmen Romano de L\u00f3pez Portillo cometidos en el ejercicio del poder al viajar por el mundo cargando un piano, pero Murat cargando enormes \u201calebrijes\u201d, las artesan\u00edas espurias que, demostrado&nbsp;sociol\u00f3gicamente&nbsp;est\u00e1, no son oaxaque\u00f1as.<\/p>\n\n\n\n<p>Cada candidato\u00a0hace\u00a0su\u00a0calenda usando la m\u00fasica, los bailes y los vestidos tradicionales. Francisco Mart\u00ednez Neri llev\u00f3 una calenda completa a la CDMX apenas en las campa\u00f1as pasadas. O la mala costumbre que se tiene al tolerar que el gobernador, presidentes municipales y diputados desfilen con las delegaciones en\u00a0la\u00a0calenda\u00a0de las delegaciones de la Guelaguetza. <\/p>\n\n\n\n<p>La participaci\u00f3n de los pol\u00edticos no es m\u00e1s que un s\u00edmbolo de la dominaci\u00f3n que tanto quiere eliminarse sobre los ind\u00edgenas. La Guelaguetza, para ellos, es objeto de acci\u00f3n pol\u00edtica sin mesura y la carencia de \u00e9sta \u00faltima es el camino directa a la perpetuaci\u00f3n de\u00a0esa dominaci\u00f3n.<\/p>\n\n\n\n<p>La Guelaguetza es memoria de nuestro pasado, pero con presencia en nuestro presente y futuro y debemos mantenerla al margen de la lucha por el poder para no convertirla, como&nbsp;lo hace&nbsp;la Secci\u00f3n 22, aliada de la 4T, en un objeto de disputa y polarizaci\u00f3n social en lugar de un s\u00edmbolo de&nbsp;identidad&nbsp;y unidad.<\/p>\n\n\n\n<p>Hay quienes, desde lo culturalmente correcto, les llaman Fiestas de los Lunes del Cerro, la mayor\u00eda simplemente le dicen Guelaguetza aplicando la metonimia&nbsp;gramatical para referirse a lo mismo.&nbsp;Encendidos&nbsp;debates&nbsp;hasta&nbsp;por llamarle de una manera u otra&nbsp;y&nbsp;la discusi\u00f3n no termina por ponernos de acuerdo&nbsp;de que si se trata de un espect\u00e1culo o de cultura. Enfrascados en eso hemos&nbsp;dejado de lado el manejo de nuestro mayor s\u00edmbolo cultural en manos de una clase pol\u00edtica voraz, ignorante e ideologizada que terminar\u00e1 por torcer las fiestas a su conveniencia.<\/p>\n\n\n\n<p>Es necesario institucionalizarla\u00a0oficialmente y reglamentar el uso de los s\u00edmbolos que representan a los oaxaque\u00f1os en conjunto para evitar su uso pol\u00edtico y por los pol\u00edticos. Como ejemplo, el uso de la bandera nacional y su colores est\u00e1 reglamentado para evitar un uso denigrante de nuestros s\u00edmbolos patrios. <\/p>\n\n\n\n<p>Lo mismo deber\u00edamos hacer para arrebatar del p\u00e9simo criterio y gusto de nuestra clase pol\u00edtica el uso, goce y disfrute sin costo para ellos de algo que\u00a0no les\u00a0pertenece.\u00a0Por el bien de nuestra cultura, nuestros s\u00edmbolos de identidad deben mantenerse\u00a0ajenos a la lucha por el poder y de las ideolog\u00edas\u00a0gobernantes.<\/p>\n\n\n\n<p>La&nbsp;cultura no debe ser un veh\u00edculo de manipulaci\u00f3n y propaganda, ni prestarse para el odio y la polarizaci\u00f3n, no debemos banalizarla y&nbsp;s\u00ed&nbsp;cuidarla para evitar su apropiaci\u00f3n cultural, como&nbsp;el penoso intento del magisterio&nbsp;para&nbsp;usarla como veh\u00edculo de odio, propaganda y resentimiento. Con la Guelaguetza no.<\/p>\n\n\n\n<p>PI\u00d1A PALMERA.<\/p>\n\n\n\n<p>De manera discreta, como se hacen las cosas valiosas y&nbsp;trascendentes, en la costa oaxaque\u00f1a trabaja la organizaci\u00f3n \u201cPi\u00f1a Palmera\u201d, un proyecto comunitario que ayuda&nbsp;personas con alguna discapacidad en las \u00e1reas rurales de la costa y&nbsp;Sierra&nbsp;Sur.&nbsp;Su trabajo lleva ya 40 a\u00f1os y ni&nbsp;la tragedia del hurac\u00e1n \u00c1gata en 2022 los detuvo a pesar de los da\u00f1os que sufrieron.<\/p>\n\n\n\n<p>En&nbsp;ocasi\u00f3n de este aniversario piden la solidaridad de&nbsp;los oaxaque\u00f1os&nbsp;para&nbsp;continuar una labor que nadie m\u00e1s realiza con esos grupos&nbsp;vulnerables&nbsp;que tanto los necesitan.<\/p>\n\n\n\n<p>nestoryuri@yahoo.com<\/p>\n","protected":false},"excerpt":{"rendered":"<p>N\u00e9stor Y. S\u00e1nchez Islas El aroma a fiesta ya circula por nuestras calles, los sones&hellip;<\/p>\n","protected":false},"author":2,"featured_media":67897,"comment_status":"closed","ping_status":"open","sticky":false,"template":"","format":"standard","meta":{"_lmt_disableupdate":"","_lmt_disable":"","_jetpack_memberships_contains_paid_content":false,"footnotes":""},"categories":[456,109],"tags":[3050],"class_list":["post-70054","post","type-post","status-publish","format-standard","has-post-thumbnail","hentry","category-columna","category-minuto-a-minuto","tag-nestor-yuri-sanchez"],"jetpack_featured_media_url":"https:\/\/zonaroja.com.mx\/wp-content\/uploads\/2024\/05\/Opinion-Nestor-Yuri-Sanchez.jpeg","jetpack_sharing_enabled":true,"_links":{"self":[{"href":"https:\/\/zonaroja.com.mx\/index.php?rest_route=\/wp\/v2\/posts\/70054","targetHints":{"allow":["GET"]}}],"collection":[{"href":"https:\/\/zonaroja.com.mx\/index.php?rest_route=\/wp\/v2\/posts"}],"about":[{"href":"https:\/\/zonaroja.com.mx\/index.php?rest_route=\/wp\/v2\/types\/post"}],"author":[{"embeddable":true,"href":"https:\/\/zonaroja.com.mx\/index.php?rest_route=\/wp\/v2\/users\/2"}],"replies":[{"embeddable":true,"href":"https:\/\/zonaroja.com.mx\/index.php?rest_route=%2Fwp%2Fv2%2Fcomments&post=70054"}],"version-history":[{"count":1,"href":"https:\/\/zonaroja.com.mx\/index.php?rest_route=\/wp\/v2\/posts\/70054\/revisions"}],"predecessor-version":[{"id":70055,"href":"https:\/\/zonaroja.com.mx\/index.php?rest_route=\/wp\/v2\/posts\/70054\/revisions\/70055"}],"wp:featuredmedia":[{"embeddable":true,"href":"https:\/\/zonaroja.com.mx\/index.php?rest_route=\/wp\/v2\/media\/67897"}],"wp:attachment":[{"href":"https:\/\/zonaroja.com.mx\/index.php?rest_route=%2Fwp%2Fv2%2Fmedia&parent=70054"}],"wp:term":[{"taxonomy":"category","embeddable":true,"href":"https:\/\/zonaroja.com.mx\/index.php?rest_route=%2Fwp%2Fv2%2Fcategories&post=70054"},{"taxonomy":"post_tag","embeddable":true,"href":"https:\/\/zonaroja.com.mx\/index.php?rest_route=%2Fwp%2Fv2%2Ftags&post=70054"}],"curies":[{"name":"wp","href":"https:\/\/api.w.org\/{rel}","templated":true}]}}