{"id":70059,"date":"2024-07-04T11:29:00","date_gmt":"2024-07-04T17:29:00","guid":{"rendered":"https:\/\/zonaroja.com.mx\/?p=70059"},"modified":"2024-07-04T08:42:13","modified_gmt":"2024-07-04T14:42:13","slug":"transfieren-hospital-de-la-ninez-al-gobierno-federal-suspenden-poderes-en-la-reforma","status":"publish","type":"post","link":"https:\/\/zonaroja.com.mx\/?p=70059","title":{"rendered":"Transfieren Hospital de la Ni\u00f1ez al gobierno federal; suspenden poderes en La Reforma"},"content":{"rendered":"\n<p>Redacci\u00f3n\/Zona Roja.<\/p>\n\n\n\n<p>San Raymundo Jalpan, Oax. 4 de julio de 2024.- En sesi\u00f3n extraordinaria, el pleno de la 65 Legislatura local aprob\u00f3 con 34 votos la abrogaci\u00f3n de los Decretos 234 y 804 que crearon el Hospital de la Ni\u00f1ez Oaxaque\u00f1a \u201cDoctor Guillermo Z\u00e1rate Mijangos\u00bb, para ser transferido a los Servicios de Salud del Instituto Mexicano del Seguro Social para el Bienestar (IMSS-Bienestar).<\/p>\n\n\n\n<p>Este cambio fue propuesto por las diputadas y los diputados del Grupo Parlamentario de Morena, que coordina el diputado Sergio L\u00f3pez S\u00e1nchez.<\/p>\n\n\n\n<p>De acuerdo con el dictamen aprobado, la abrogaci\u00f3n es para dar continuidad a la federalizaci\u00f3n de los servicios de salud, que se acord\u00f3 el 14 de octubre de 2022 entre el Gobierno del Estado de Oaxaca y el entonces Instituto de Salud para el Bienestar (Insabi), a trav\u00e9s del convenio de colaboraci\u00f3n para transferir la administraci\u00f3n y operaci\u00f3n de dicho hospital.<\/p>\n\n\n\n<p>Y debido a que el 29 de mayo de 2023, fue reformada la Ley General de Salud, para regular el Sistema de Salud para el Bienestar, por lo cual se aprob\u00f3 la desaparici\u00f3n del Insabi, para que fuese absorbido por el IMSS-Bienestar, ahora la federalizaci\u00f3n del Hospital de la Ni\u00f1ez debe darse con esta \u00faltima instituci\u00f3n, conforme a lo establecido en el transitorio quinto del decreto aprobado.<\/p>\n\n\n\n<p>El objetivo de ello, destac\u00f3 el Grupo Parlamentario de Morena, es cumplir el prop\u00f3sito del presidente de M\u00e9xico, Andr\u00e9s Manuel L\u00f3pez Obrador, de que todas y todos los habitantes del pa\u00eds puedan recibir atenci\u00f3n m\u00e9dica y hospitalaria gratuita, incluidos los medicamentos, materiales de curaci\u00f3n y los ex\u00e1menes cl\u00ednicos.&nbsp;<\/p>\n\n\n\n<p>\u00abLa estrategia nacional pretende la transformaci\u00f3n del sistema de salud, encaminada hacia la universalidad del servicio\u00bb, se\u00f1al\u00f3 el Grupo Parlamentario de Morena.<\/p>\n\n\n\n<p>SUSPENDEN PODERES<\/p>\n\n\n\n<p>&nbsp;Por otra parte, la 65 Legislatura local declar\u00f3 procedente la suspensi\u00f3n del ayuntamiento constitucional del municipio La Reforma, perteneciente al distrito de Putla, Oaxaca, electo para el periodo 2023-2025.<\/p>\n\n\n\n<p>En sesi\u00f3n extraordinaria de este mi\u00e9rcoles, el pleno aprob\u00f3 con 36 votos a favor, el dictamen emitido por la Comisi\u00f3n Permanente de Gobierno y Asuntos Agrarios, en el cual se inform\u00f3 que esta suspensi\u00f3n se da en virtud de haberse iniciado el procedimiento de desaparici\u00f3n del ayuntamiento de La Reforma, por la causal prevista en la fracci\u00f3n IV del art\u00edculo 58 de la Ley Org\u00e1nica Municipal del Estado de Oaxaca, al encontrarse en un estado de ingobernabilidad.<\/p>\n\n\n\n<p>El presidente de la Junta de Coordinaci\u00f3n Pol\u00edtica (Jucopo), Sergio L\u00f3pez S\u00e1nchez, inform\u00f3 que con esta aprobaci\u00f3n se busca contribuir desde el Congreso de Oaxaca a la soluci\u00f3n del conflicto interno en el municipio.<\/p>\n\n\n\n<p>\u201cEs una situaci\u00f3n que durante m\u00e1s de 40 d\u00edas han tenido retenido al presidente municipal, y se tiene el compromiso de que se avance de esta manera para que se pueda transitar en resolver la problem\u00e1tica que existe en este municipio\u201d, detall\u00f3.<\/p>\n\n\n\n<p>De igual manera, explic\u00f3, que para que los hechos violentos en el municipio no queden impunes, se pidi\u00f3 a la Fiscal\u00eda General del Estado para que se investiguen, privilegiando la vida e integridad f\u00edsica del presidente y de otro servidor p\u00fablico municipal que est\u00e1n retenidos por un grupo de pobladores.&nbsp;&nbsp;<\/p>\n\n\n\n<p>En el dictamen aprobado, la comisi\u00f3n dictaminadora se\u00f1al\u00f3 que hay documentos que acreditan la existencia de conflictos internos en el ayuntamiento La Reforma, y comunidades de su adscripci\u00f3n.<\/p>\n\n\n\n<p>LISTA DE ASPIRANTES<\/p>\n\n\n\n<p>En otro tema, el Congreso local aprob\u00f3 con 34 votos la lista de las personas candidatas a ocupar el cargo de titular de la Fiscal\u00eda Especializada en Delitos Electorales del Estado de Oaxaca.<\/p>\n\n\n\n<p>Lo anterior, luego de que el 9 de junio de 2024 concluy\u00f3 el nombramiento de la fiscal Esther Araceli Pinelo L\u00f3pez, quien fue electa por el Congreso local para tal cargo el 9 de junio de 2017, mediante el decreto n\u00famero 644.<\/p>\n\n\n\n<p>En sesi\u00f3n extraordinaria, las diputadas y los diputados avalaron esta lista emitida por la Comisi\u00f3n Permanente de Administraci\u00f3n y Procuraci\u00f3n de Justicia, cuya presidenta es la legisladora Lizett Arroyo Rodr\u00edguez.<\/p>\n\n\n\n<p>Las personas aspirantes son Abel Raymundo Vargas L\u00f3pez, Hugo Ernesto Casas Reyes, Manuel Cort\u00e9s Muriedas, Carmelita Sibaja Ochoa, Ariadsol Rodr\u00edguez Villegas, Isa\u00ed Guti\u00e9rrez Ortiz, Raymundo de Jes\u00fas Delgado Arias, \u00c9dgar Antonio Mart\u00ednez Santiago, Guadalupe Gustavo D\u00edaz Altamirano, Gloria \u00c1ngeles Cruz L\u00f3pez e Iv\u00e1n Garc\u00eda L\u00f3pez.&nbsp;&nbsp;<\/p>\n\n\n\n<p>La integraci\u00f3n de la lista de aspirantes fue conforme a la convocatoria emitida por la comisi\u00f3n legislativa, publicada del 26 de junio al 1 de julio de 2024 en el portal de internet del Congreso de Oaxaca, as\u00ed como en el Peri\u00f3dico Oficial del Estado y en dos diarios de mayor circulaci\u00f3n en la entidad.&nbsp;<\/p>\n\n\n\n<p>Una vez que fue aprobada esta lista, ser\u00e1 enviada al Titular del Poder Ejecutivo, para que, dentro de los 10 d\u00edas siguientes, formule una terna y la remita a la consideraci\u00f3n del Pleno del Congreso local, de acuerdo con la convocatoria.&nbsp;<\/p>\n","protected":false},"excerpt":{"rendered":"<p>Redacci\u00f3n\/Zona Roja. San Raymundo Jalpan, Oax. 4 de julio de 2024.- En sesi\u00f3n extraordinaria, el&hellip;<\/p>\n","protected":false},"author":2,"featured_media":70060,"comment_status":"closed","ping_status":"open","sticky":false,"template":"","format":"standard","meta":{"_lmt_disableupdate":"","_lmt_disable":"","_jetpack_memberships_contains_paid_content":false,"footnotes":""},"categories":[109,46],"tags":[2743],"class_list":["post-70059","post","type-post","status-publish","format-standard","has-post-thumbnail","hentry","category-minuto-a-minuto","category-zona-blanca","tag-65-legislatura-del-estado-de-oaxaca"],"jetpack_featured_media_url":"https:\/\/zonaroja.com.mx\/wp-content\/uploads\/2024\/07\/Aspiran-11-personas-a-presidir-la-Fiscalia-Especializada-en-Delitos-Electorales-de-Oaxaca.jpeg","jetpack_sharing_enabled":true,"_links":{"self":[{"href":"https:\/\/zonaroja.com.mx\/index.php?rest_route=\/wp\/v2\/posts\/70059","targetHints":{"allow":["GET"]}}],"collection":[{"href":"https:\/\/zonaroja.com.mx\/index.php?rest_route=\/wp\/v2\/posts"}],"about":[{"href":"https:\/\/zonaroja.com.mx\/index.php?rest_route=\/wp\/v2\/types\/post"}],"author":[{"embeddable":true,"href":"https:\/\/zonaroja.com.mx\/index.php?rest_route=\/wp\/v2\/users\/2"}],"replies":[{"embeddable":true,"href":"https:\/\/zonaroja.com.mx\/index.php?rest_route=%2Fwp%2Fv2%2Fcomments&post=70059"}],"version-history":[{"count":1,"href":"https:\/\/zonaroja.com.mx\/index.php?rest_route=\/wp\/v2\/posts\/70059\/revisions"}],"predecessor-version":[{"id":70061,"href":"https:\/\/zonaroja.com.mx\/index.php?rest_route=\/wp\/v2\/posts\/70059\/revisions\/70061"}],"wp:featuredmedia":[{"embeddable":true,"href":"https:\/\/zonaroja.com.mx\/index.php?rest_route=\/wp\/v2\/media\/70060"}],"wp:attachment":[{"href":"https:\/\/zonaroja.com.mx\/index.php?rest_route=%2Fwp%2Fv2%2Fmedia&parent=70059"}],"wp:term":[{"taxonomy":"category","embeddable":true,"href":"https:\/\/zonaroja.com.mx\/index.php?rest_route=%2Fwp%2Fv2%2Fcategories&post=70059"},{"taxonomy":"post_tag","embeddable":true,"href":"https:\/\/zonaroja.com.mx\/index.php?rest_route=%2Fwp%2Fv2%2Ftags&post=70059"}],"curies":[{"name":"wp","href":"https:\/\/api.w.org\/{rel}","templated":true}]}}