{"id":7006,"date":"2019-12-26T17:07:42","date_gmt":"2019-12-26T23:07:42","guid":{"rendered":"http:\/\/www.zonaroja.com.mx\/?p=7006"},"modified":"2019-12-26T17:07:45","modified_gmt":"2019-12-26T23:07:45","slug":"la-scjn-ordena-no-descartar-motivos-de-genero-en-la-muerte-violenta-de-mujeres","status":"publish","type":"post","link":"https:\/\/zonaroja.com.mx\/?p=7006","title":{"rendered":"La SCJN ordena no descartar motivos de g\u00e9nero en la muerte violenta de mujeres"},"content":{"rendered":"\n<p>Redacci\u00f3n\/Zona Roja Cdmx.<\/p>\n\n\n\n<p>Ciudad de M\u00e9xico, 26 de diciembre de\n2019.- La primera sala de la Suprema Corte de Justicia de la Naci\u00f3n (SCJN)\nestableci\u00f3 que en las investigaciones sobre la muerte violenta de alguna mujer\ndebe considerarse la presencia de posibles motivos o razones de g\u00e9nero que\npudieran haber originado o explicado la muerte de la v\u00edctima.<\/p>\n\n\n\n<p>La SCJN determin\u00f3 que adem\u00e1s de\nrealizar las diligencias que se hacen en cualquier caso de muerte violenta,\ncuando la v\u00edctima sea mujer, de oficio las autoridades investigadoras deben\nidentificar la posible presencia de motivos o razones de g\u00e9nero que originen\ndicho deceso, de acuerdo con un comunicado.<\/p>\n\n\n\n<p>En este sentido, destac\u00f3 que la\neficacia de la investigaci\u00f3n de este tipo de cr\u00edmenes depende de manera directa\ny en gran medida de la prueba t\u00e9cnica realizada por los peritos. Por ello\nrecalc\u00f3 que deben preservarse evidencias espec\u00edficas para determinar si hubo\nviolencia sexual y se deben hacer las periciales pertinentes para determinar si\nla v\u00edctima estaba inmersa en un contexto de violencia.<\/p>\n\n\n\n<p>Lo establecido por la Corte se deriva\ndel caso de la muerte de una mujer que inicialmente se hizo pasar como un\nsuicidio por asfixia, cuando en realidad fue asesinada por su esposo, quien al\nser polic\u00eda particip\u00f3 en la recaudaci\u00f3n de pruebas, en la cadena de custodia y\nprotecci\u00f3n de evidencia de la escena del crimen.<\/p>\n\n\n\n<p>La investigaci\u00f3n de los hechos no tom\u00f3\nen cuenta el patr\u00f3n de violencia contra la mujer, no se protegi\u00f3 la escena del\ncrimen ni la cadena de custodia, no se recogi\u00f3 evidencia y \u00e9sta fue\ncontaminada, adem\u00e1s de que los peritajes fueron imprecisos e incluso omisos, no\nfueron realizados con perspectiva de g\u00e9nero y no se le imputaron cargos al\nesposo de la v\u00edctima, determin\u00f3 la SCJN.<\/p>\n\n\n\n<p>La verdad sobre el feminicidio se supo\nluego de que la madre de la v\u00edctima interpusiera varios amparos, y de que el\nm\u00e1ximo tribunal estableci\u00f3 que las investigaciones sobre muertes de mujeres\ndeben realizarse con perspectiva de g\u00e9nero. La investigaci\u00f3n fue reabierta y el\nculpable fue detenido y procesado.<\/p>\n\n\n\n<p>(Con informaci\u00f3n de \u201cLa Jornada\u201d)<\/p>\n","protected":false},"excerpt":{"rendered":"<p>Redacci\u00f3n\/Zona Roja Cdmx. Ciudad de M\u00e9xico, 26 de diciembre de 2019.- La primera sala de&hellip;<\/p>\n","protected":false},"author":2,"featured_media":7007,"comment_status":"closed","ping_status":"open","sticky":false,"template":"","format":"standard","meta":{"_lmt_disableupdate":"","_lmt_disable":"","_jetpack_memberships_contains_paid_content":false,"footnotes":""},"categories":[109,47],"tags":[811],"class_list":["post-7006","post","type-post","status-publish","format-standard","has-post-thumbnail","hentry","category-minuto-a-minuto","category-zona-gris","tag-suprema-corte-de-justicia-de-la-nacion"],"jetpack_featured_media_url":"https:\/\/zonaroja.com.mx\/wp-content\/uploads\/2019\/12\/SCJN.jpg","jetpack_sharing_enabled":true,"_links":{"self":[{"href":"https:\/\/zonaroja.com.mx\/index.php?rest_route=\/wp\/v2\/posts\/7006","targetHints":{"allow":["GET"]}}],"collection":[{"href":"https:\/\/zonaroja.com.mx\/index.php?rest_route=\/wp\/v2\/posts"}],"about":[{"href":"https:\/\/zonaroja.com.mx\/index.php?rest_route=\/wp\/v2\/types\/post"}],"author":[{"embeddable":true,"href":"https:\/\/zonaroja.com.mx\/index.php?rest_route=\/wp\/v2\/users\/2"}],"replies":[{"embeddable":true,"href":"https:\/\/zonaroja.com.mx\/index.php?rest_route=%2Fwp%2Fv2%2Fcomments&post=7006"}],"version-history":[{"count":1,"href":"https:\/\/zonaroja.com.mx\/index.php?rest_route=\/wp\/v2\/posts\/7006\/revisions"}],"predecessor-version":[{"id":7008,"href":"https:\/\/zonaroja.com.mx\/index.php?rest_route=\/wp\/v2\/posts\/7006\/revisions\/7008"}],"wp:featuredmedia":[{"embeddable":true,"href":"https:\/\/zonaroja.com.mx\/index.php?rest_route=\/wp\/v2\/media\/7007"}],"wp:attachment":[{"href":"https:\/\/zonaroja.com.mx\/index.php?rest_route=%2Fwp%2Fv2%2Fmedia&parent=7006"}],"wp:term":[{"taxonomy":"category","embeddable":true,"href":"https:\/\/zonaroja.com.mx\/index.php?rest_route=%2Fwp%2Fv2%2Fcategories&post=7006"},{"taxonomy":"post_tag","embeddable":true,"href":"https:\/\/zonaroja.com.mx\/index.php?rest_route=%2Fwp%2Fv2%2Ftags&post=7006"}],"curies":[{"name":"wp","href":"https:\/\/api.w.org\/{rel}","templated":true}]}}