{"id":70062,"date":"2024-07-04T10:30:00","date_gmt":"2024-07-04T16:30:00","guid":{"rendered":"https:\/\/zonaroja.com.mx\/?p=70062"},"modified":"2024-07-04T08:46:11","modified_gmt":"2024-07-04T14:46:11","slug":"indagan-el-asesinato-de-tres-personas-en-la-zona-norte-del-istmo","status":"publish","type":"post","link":"https:\/\/zonaroja.com.mx\/?p=70062","title":{"rendered":"Indagan el asesinato de tres personas en la zona norte del Istmo\u00a0"},"content":{"rendered":"\n<p>Raymundo Morales\/Zona Roja.<\/p>\n\n\n\n<p>Oaxaca de Ju\u00e1rez, Oax., a 4 de julio de 2024.- La Fiscal\u00eda General del Estado de Oaxaca investiga el asesinato de tres personas, ocurrido la tarde del martes en la zona norte del Istmo de Tehuantepec.<\/p>\n\n\n\n<p>De acuerdo con informes policiacos, fue en la carretera federal 147, tramo Tuxtepec-Palomares, a la altura del kil\u00f3metro 108, donde fueron localizados los tres cuerpos.<\/p>\n\n\n\n<p>Se trata de tres masculinos con varios impactos de arma de fuego, al parecer de grueso calibre.<\/p>\n\n\n\n<p>Las v\u00edctimas a\u00fan no han sido identificadas pero se calcula que tienen 24, 33 y 52 a\u00f1os de edad; a\u00fan se desconoce si son originarios del estado de Oaxaca o de la vecina entidad de Veracruz.<\/p>\n\n\n\n<p>Presentan adem\u00e1s tiros de gracia en la cabeza por lo que se presume que se trata de una ejecuci\u00f3n, perpetrada por un grupo del crimen organizado.<\/p>\n\n\n\n<p>Personal de la Vicefiscal\u00eda Regional del Istmo, de la Fiscal\u00eda General del Estado de Oaxaca, arrib\u00f3 a la zona con la finalidad de realizar las indagatorias correspondientes.<\/p>\n","protected":false},"excerpt":{"rendered":"<p>Raymundo Morales\/Zona Roja. Oaxaca de Ju\u00e1rez, Oax., a 4 de julio de 2024.- La Fiscal\u00eda&hellip;<\/p>\n","protected":false},"author":2,"featured_media":67753,"comment_status":"closed","ping_status":"open","sticky":false,"template":"","format":"standard","meta":{"_lmt_disableupdate":"","_lmt_disable":"","_jetpack_memberships_contains_paid_content":false,"footnotes":""},"categories":[109,51],"tags":[],"class_list":["post-70062","post","type-post","status-publish","format-standard","has-post-thumbnail","hentry","category-minuto-a-minuto","category-zona-roja"],"jetpack_featured_media_url":"https:\/\/zonaroja.com.mx\/wp-content\/uploads\/2024\/04\/Escena-de-investigacion-crimen.jpg","jetpack_sharing_enabled":true,"_links":{"self":[{"href":"https:\/\/zonaroja.com.mx\/index.php?rest_route=\/wp\/v2\/posts\/70062","targetHints":{"allow":["GET"]}}],"collection":[{"href":"https:\/\/zonaroja.com.mx\/index.php?rest_route=\/wp\/v2\/posts"}],"about":[{"href":"https:\/\/zonaroja.com.mx\/index.php?rest_route=\/wp\/v2\/types\/post"}],"author":[{"embeddable":true,"href":"https:\/\/zonaroja.com.mx\/index.php?rest_route=\/wp\/v2\/users\/2"}],"replies":[{"embeddable":true,"href":"https:\/\/zonaroja.com.mx\/index.php?rest_route=%2Fwp%2Fv2%2Fcomments&post=70062"}],"version-history":[{"count":1,"href":"https:\/\/zonaroja.com.mx\/index.php?rest_route=\/wp\/v2\/posts\/70062\/revisions"}],"predecessor-version":[{"id":70063,"href":"https:\/\/zonaroja.com.mx\/index.php?rest_route=\/wp\/v2\/posts\/70062\/revisions\/70063"}],"wp:featuredmedia":[{"embeddable":true,"href":"https:\/\/zonaroja.com.mx\/index.php?rest_route=\/wp\/v2\/media\/67753"}],"wp:attachment":[{"href":"https:\/\/zonaroja.com.mx\/index.php?rest_route=%2Fwp%2Fv2%2Fmedia&parent=70062"}],"wp:term":[{"taxonomy":"category","embeddable":true,"href":"https:\/\/zonaroja.com.mx\/index.php?rest_route=%2Fwp%2Fv2%2Fcategories&post=70062"},{"taxonomy":"post_tag","embeddable":true,"href":"https:\/\/zonaroja.com.mx\/index.php?rest_route=%2Fwp%2Fv2%2Ftags&post=70062"}],"curies":[{"name":"wp","href":"https:\/\/api.w.org\/{rel}","templated":true}]}}