{"id":70067,"date":"2024-07-04T20:24:25","date_gmt":"2024-07-05T02:24:25","guid":{"rendered":"https:\/\/zonaroja.com.mx\/?p=70067"},"modified":"2024-07-04T20:31:15","modified_gmt":"2024-07-05T02:31:15","slug":"otra-vez-se-chamaqueron-al-gobierno-con-un-plagio","status":"publish","type":"post","link":"https:\/\/zonaroja.com.mx\/?p=70067","title":{"rendered":"\u00a1Otra vez se \u201cchamaqueron\u201d al gobierno con un plagio!"},"content":{"rendered":"\n<p>Raymundo Morales\/Zona Roja.<\/p>\n\n\n\n<p>Oaxaca de Ju\u00e1rez, Oax. 4 de julio de 2024.- De nueva cuenta, el gobierno de Oaxaca fue \u201cchamaqueado\u201d con un plagio, en un concurso de dise\u00f1o.<\/p>\n\n\n\n<p>Ahora fue a trav\u00e9s de la Secretar\u00eda de las Culturas y Artes (Seculta), que tuvo que anular el veredicto que ya hab\u00eda dado en la creaci\u00f3n de un logotipo para el Museo de Arte Contempor\u00e1neo y de las Culturas Oaxaque\u00f1as (MACCO).<\/p>\n\n\n\n<p>\u201cLo anterior, tomando en cuenta las denuncias en redes sociales sobre la similitud con otro logotipo, mismo que no era conocido por el Jurado Calificador, lo que viola una de las disposiciones de la convocatoria al no ser un trabajo original e in\u00e9dito\u201d, difundi\u00f3 en un comunicado.<\/p>\n\n\n\n<p>Por lo cual tendr\u00e1 que \u201crealizar una nueva deliberaci\u00f3n\u201d para lograr un logotipo que represente a lo que fuera el MACO.<\/p>\n\n\n\n<p>Y es que tras la recuperaci\u00f3n del Museo de Arte Contempor\u00e1neo de Oaxaca (MACO), que estaba en manos de la Asociaci\u00f3n Civil Amigos del MACO\u201d, tuvo que cambiar de nombre a la instituci\u00f3n y en consecuencia elaborar un nuevo distintivo.<\/p>\n\n\n\n<p>\u201cLa Secretar\u00eda de la Culturas y Artes respetuosa de los derechos de la propiedad industrial, tuvo la necesidad de cambiar el nuevo nombre del museo y de crear un nuevo logo, toda vez que la marca del logo del \u201cMACO\u201d, est\u00e1 registrado ante el Instituto Mexicano de la Propiedad Industrial (IMPI) por Amigos del Museo de Arte Contempor\u00e1neo de Oaxaca A.C. y por consiguiente el nombre del Museo, est\u00e1 ligado al registro del logo\u201d, difundi\u00f3.<\/p>\n\n\n\n<p>La imagen elegida inicialmente, entre 118 trabajos presentados, es de Jason Jim\u00e9nez, egresado de la Universidad An\u00e1huac, campus Oaxaca, que primero fue ponderada por la Seculta que encabeza V\u00edctor V\u00e1squez Castillejos y ahora fue desechada.<\/p>\n\n\n\n<p>Fue el a\u00f1o pasado, tambi\u00e9n en el marco de las fiestas de la Guelaguetza, en que la Secretar\u00eda de Turismo, que preside Saymi Pineda Velsco, tuvo que recular en la elecci\u00f3n de una imagen para las fiestas de los Lunes del Cerro, pues se semejaba a una obra con autor.<\/p>\n","protected":false},"excerpt":{"rendered":"<p>Raymundo Morales\/Zona Roja. Oaxaca de Ju\u00e1rez, Oax. 4 de julio de 2024.- De nueva cuenta,&hellip;<\/p>\n","protected":false},"author":2,"featured_media":70070,"comment_status":"closed","ping_status":"open","sticky":false,"template":"","format":"standard","meta":{"_lmt_disableupdate":"","_lmt_disable":"","_jetpack_memberships_contains_paid_content":false,"footnotes":""},"categories":[109,47],"tags":[3368],"class_list":["post-70067","post","type-post","status-publish","format-standard","has-post-thumbnail","hentry","category-minuto-a-minuto","category-zona-gris","tag-secretaria-de-las-culturas-seculta"],"jetpack_featured_media_url":"https:\/\/zonaroja.com.mx\/wp-content\/uploads\/2024\/07\/Plagio-MACCO.png","jetpack_sharing_enabled":true,"_links":{"self":[{"href":"https:\/\/zonaroja.com.mx\/index.php?rest_route=\/wp\/v2\/posts\/70067","targetHints":{"allow":["GET"]}}],"collection":[{"href":"https:\/\/zonaroja.com.mx\/index.php?rest_route=\/wp\/v2\/posts"}],"about":[{"href":"https:\/\/zonaroja.com.mx\/index.php?rest_route=\/wp\/v2\/types\/post"}],"author":[{"embeddable":true,"href":"https:\/\/zonaroja.com.mx\/index.php?rest_route=\/wp\/v2\/users\/2"}],"replies":[{"embeddable":true,"href":"https:\/\/zonaroja.com.mx\/index.php?rest_route=%2Fwp%2Fv2%2Fcomments&post=70067"}],"version-history":[{"count":1,"href":"https:\/\/zonaroja.com.mx\/index.php?rest_route=\/wp\/v2\/posts\/70067\/revisions"}],"predecessor-version":[{"id":70069,"href":"https:\/\/zonaroja.com.mx\/index.php?rest_route=\/wp\/v2\/posts\/70067\/revisions\/70069"}],"wp:featuredmedia":[{"embeddable":true,"href":"https:\/\/zonaroja.com.mx\/index.php?rest_route=\/wp\/v2\/media\/70070"}],"wp:attachment":[{"href":"https:\/\/zonaroja.com.mx\/index.php?rest_route=%2Fwp%2Fv2%2Fmedia&parent=70067"}],"wp:term":[{"taxonomy":"category","embeddable":true,"href":"https:\/\/zonaroja.com.mx\/index.php?rest_route=%2Fwp%2Fv2%2Fcategories&post=70067"},{"taxonomy":"post_tag","embeddable":true,"href":"https:\/\/zonaroja.com.mx\/index.php?rest_route=%2Fwp%2Fv2%2Ftags&post=70067"}],"curies":[{"name":"wp","href":"https:\/\/api.w.org\/{rel}","templated":true}]}}