{"id":70074,"date":"2024-07-05T06:23:49","date_gmt":"2024-07-05T12:23:49","guid":{"rendered":"https:\/\/zonaroja.com.mx\/?p=70074"},"modified":"2024-07-05T06:23:51","modified_gmt":"2024-07-05T12:23:51","slug":"confirman-la-marca-lopez-obrador-en-el-gabinete-de-claudia-sheinbaum","status":"publish","type":"post","link":"https:\/\/zonaroja.com.mx\/?p=70074","title":{"rendered":"Confirman la marca L\u00f3pez Obrador, en el gabinete de Claudia Sheinbaum"},"content":{"rendered":"\n<p>Redacci\u00f3n\/Zona Roja Cdmx.<\/p>\n\n\n\n<p>Ciudad de M\u00e9xico, a 5 de julio de 2024.- La futura Presidenta de M\u00e9xico, Claudia Sheinbaum, revel\u00f3 las caras de alto voltaje pol\u00edtico que ocupar\u00e1n cuatro de las secretar\u00edas de m\u00e1s peso en su futuro gabinete: Seguridad, Gobernaci\u00f3n, Bienestar y Educaci\u00f3n.<\/p>\n\n\n\n<p>El exsecretario de Seguridad Ciudadana de la Ciudad de M\u00e9xico, Omar Garc\u00eda Harfuch, ser\u00e1 el titular de Seguridad y Protecci\u00f3n Ciudadana y, la actual jefa de este departamento, Rosa Icela Rodr\u00edguez, pasar\u00e1 a ocupar el cargo secretaria de Gobernaci\u00f3n, ahora en manos de Luisa Mar\u00eda Alcalde.<\/p>\n\n\n\n<p>Rodr\u00edguez, sumada a la continuidad de Ariadna Montiel en la Secretar\u00eda de Bienestar, aumentan hasta siete los funcionarios y funcionarias que repetir\u00e1n en el nuevo Gobierno Federal, donde se &nbsp;destaca Rogelio Ram\u00edrez de la O, que seguir\u00e1 en Hacienda y Cr\u00e9dito P\u00fablico (SHCP).<\/p>\n\n\n\n<p>Adem\u00e1s, el presidente del gobernante Movimiento Regeneraci\u00f3n Nacional (Morena), Mario Delgado, ocupar\u00e1 la secretar\u00eda de Educaci\u00f3n P\u00fablica (SEP), en sustituci\u00f3n de Leticia Ram\u00edrez.<\/p>\n\n\n\n<p>\u201cSon mujeres y hombres honestos, profesionales, que son parte de la Cuarta Transformaci\u00f3n (proyecto pol\u00edtico de Andr\u00e9s Manuel L\u00f3pez Obrador) y que hemos trabajado con ellos muy bien\u201d, anunci\u00f3 Sheinbaum en una conferencia de prensa.<\/p>\n\n\n\n<p>FUERTE PESO POL\u00cdTICO<\/p>\n\n\n\n<p>La ronda de anuncios contin\u00faa con una apuesta por perfiles de reconocido peso pol\u00edtico, como el de Omar Garc\u00eda Harfuch, que fue jefe de la Polic\u00eda capitalina durante parte del mandato de Sheinbaum y acapar\u00f3 atenci\u00f3n internacional al ser v\u00edctima de un atentado, en 2020.<\/p>\n\n\n\n<p>Tendr\u00e1 en sus manos el liderazgo civil de la estrategia de seguridad federal, tras un acumulado de m\u00e1s de 184 mil homicidios en el sexenio de L\u00f3pez Obrador (2018-2024), los n\u00fameros m\u00e1s altos de la historia.<\/p>\n\n\n\n<p>En su turno, reiter\u00f3 la voluntad de vincular la Guardia Nacional (GN), cuerpo creado por L\u00f3pez Obrador bajo la promesa de mantenerlo civil, a la Secretar\u00eda de la Defensa Nacional (Sedena) y resalt\u00f3 la \u201cmisi\u00f3n crucial\u201d que atesora el futuro Ejecutivo federal.<\/p>\n\n\n\n<p>\u201cTrabajar incansablemente para un M\u00e9xico m\u00e1s fuerte, seguro justo y pr\u00f3spero para todos\u201d, opin\u00f3.<\/p>\n\n\n\n<p>Rodr\u00edguez, que tambi\u00e9n fue secretaria de Gobierno con Sheinbaum en el Gobierno de la Ciudad de M\u00e9xico y es uno de los perfiles cercanos al actual presidente, ocupar\u00e1 la cartera de Gobernaci\u00f3n a partir de octubre con el compromiso de \u201cdar valor a la palabra de mujer\u201d.<\/p>\n\n\n\n<p>\u201cTiene una vasta experiencia y hemos trabajado juntas y s\u00e9 que va a desempe\u00f1ar de manera excelente y con mucho profesionalismo y honestidad la Secretar\u00eda de Gobernaci\u00f3n\u201d, declar\u00f3 Sheinbaum sobre la secretaria que ha recibido cr\u00edticas por no resolver la crisis de violencia del pa\u00eds.<\/p>\n\n\n\n<p>Por su parte, Delgado, que ya fue secretario de Educaci\u00f3n capitalino durante parte del mandato de Marcelo Ebrard (2006-2012), supone la presencia m\u00e1s clara de Morena en el futuro Gobierno, pues capitanea el partido desde 2020.<\/p>\n\n\n\n<p>\u201cNo hay nada m\u00e1s apasionante que trabajar en la educaci\u00f3n porque es la posibilidad de cambiar destinos\u201d, asegur\u00f3 en su parlamento, donde se comprometi\u00f3 a resolver algunas \u201cagendas pendientes\u201d y a potenciar la \u201cnueva escuela mexicana\u201d.<\/p>\n\n\n\n<p>Adem\u00e1s, mostr\u00f3 su voluntad de ser \u201caliado\u201d de los docentes, a pesar de que, durante el sexenio de L\u00f3pez Obrador, las relaciones entre ambos lados de la trinchera no han pasado por su mejor momento.<\/p>\n\n\n\n<p>Sheinbaum busca imprimir a su futuro Ejecutivo un marcado car\u00e1cter continuista, pues siete de las secretar\u00edas estar\u00e1n encabezadas por personas que, actualmente o en el pasado, han formado parte de la administraci\u00f3n vigente.<\/p>\n\n\n\n<p>Entre las que destaca la actual canciller, Alicia B\u00e1rcena, que tendr\u00e1 a su cargo la Secretar\u00eda de Medio Ambiente y Recursos Naturales (Semarnat).<\/p>\n\n\n\n<p>Tambi\u00e9n Raquel Buenrostro, vigente secretaria de Econom\u00eda y apodada la \u201cdama de hierro\u201d de L\u00f3pez Obrador, que ser\u00e1 la titular de Funci\u00f3n P\u00fablica y ser\u00e1 sustituida por Ebrard, secretario de Relaciones Exteriores entre 2018 y 2020.<\/p>\n\n\n\n<p>Entre los revelados hoy, aparte de Rodr\u00edguez, el acento continuista lo aport\u00f3 Montiel, de quien la mandataria electa resalt\u00f3 su \u201centrega\u201d al frente de Bienestar.<\/p>\n\n\n\n<p>(Con informaci\u00f3n de EFE, en L\u00f3pez-D\u00f3riga Digital)<\/p>\n","protected":false},"excerpt":{"rendered":"<p>Redacci\u00f3n\/Zona Roja Cdmx. Ciudad de M\u00e9xico, a 5 de julio de 2024.- La futura Presidenta&hellip;<\/p>\n","protected":false},"author":2,"featured_media":70075,"comment_status":"closed","ping_status":"open","sticky":false,"template":"","format":"standard","meta":{"_lmt_disableupdate":"","_lmt_disable":"","_jetpack_memberships_contains_paid_content":false,"footnotes":""},"categories":[109,46],"tags":[3370],"class_list":["post-70074","post","type-post","status-publish","format-standard","has-post-thumbnail","hentry","category-minuto-a-minuto","category-zona-blanca","tag-claudia-sheinbaum"],"jetpack_featured_media_url":"https:\/\/zonaroja.com.mx\/wp-content\/uploads\/2024\/07\/Gabinete-Claudia-Sheinbaum.jpeg","jetpack_sharing_enabled":true,"_links":{"self":[{"href":"https:\/\/zonaroja.com.mx\/index.php?rest_route=\/wp\/v2\/posts\/70074","targetHints":{"allow":["GET"]}}],"collection":[{"href":"https:\/\/zonaroja.com.mx\/index.php?rest_route=\/wp\/v2\/posts"}],"about":[{"href":"https:\/\/zonaroja.com.mx\/index.php?rest_route=\/wp\/v2\/types\/post"}],"author":[{"embeddable":true,"href":"https:\/\/zonaroja.com.mx\/index.php?rest_route=\/wp\/v2\/users\/2"}],"replies":[{"embeddable":true,"href":"https:\/\/zonaroja.com.mx\/index.php?rest_route=%2Fwp%2Fv2%2Fcomments&post=70074"}],"version-history":[{"count":1,"href":"https:\/\/zonaroja.com.mx\/index.php?rest_route=\/wp\/v2\/posts\/70074\/revisions"}],"predecessor-version":[{"id":70076,"href":"https:\/\/zonaroja.com.mx\/index.php?rest_route=\/wp\/v2\/posts\/70074\/revisions\/70076"}],"wp:featuredmedia":[{"embeddable":true,"href":"https:\/\/zonaroja.com.mx\/index.php?rest_route=\/wp\/v2\/media\/70075"}],"wp:attachment":[{"href":"https:\/\/zonaroja.com.mx\/index.php?rest_route=%2Fwp%2Fv2%2Fmedia&parent=70074"}],"wp:term":[{"taxonomy":"category","embeddable":true,"href":"https:\/\/zonaroja.com.mx\/index.php?rest_route=%2Fwp%2Fv2%2Fcategories&post=70074"},{"taxonomy":"post_tag","embeddable":true,"href":"https:\/\/zonaroja.com.mx\/index.php?rest_route=%2Fwp%2Fv2%2Ftags&post=70074"}],"curies":[{"name":"wp","href":"https:\/\/api.w.org\/{rel}","templated":true}]}}