{"id":70077,"date":"2024-07-05T06:53:17","date_gmt":"2024-07-05T12:53:17","guid":{"rendered":"https:\/\/zonaroja.com.mx\/?p=70077"},"modified":"2024-07-05T06:53:19","modified_gmt":"2024-07-05T12:53:19","slug":"mes-y-medio-despues-liberan-a-presidente-municipal-de-la-reforma","status":"publish","type":"post","link":"https:\/\/zonaroja.com.mx\/?p=70077","title":{"rendered":"Mes y medio despu\u00e9s, liberan a presidente municipal de La Reforma"},"content":{"rendered":"\n<p>Ismael Garc\u00eda M.\/Zona Roja.<\/p>\n\n\n\n<p>Oaxaca de Ju\u00e1rez, Oax., a 5 de julio de 2024.- A mes y medio de su retenci\u00f3n y encarcelamiento en la comunidad de Estanzuela Grande, cerca de la media noche de ayer fue liberado el presidente municipal de La Reforma, municipio del distrito de Putla, Cipriano Arturo Guzm\u00e1n Boh\u00f3rquez, as\u00ed como el resto de los detenidos.<\/p>\n\n\n\n<p>Poco antes de ello, la esposa del edil Roc\u00edo Julia Ignacio V\u00e1squez y el presidente del Centro de Derechos Humanos y Asesor\u00eda a Pueblos Ind\u00edgenas A. C., Maurilio Santiago Reyes, lamentaban la tardanza de la liberaci\u00f3n, a pesar de que desde el mi\u00e9rcoles se aprob\u00f3 la destituci\u00f3n del mun\u00edcipe.<\/p>\n\n\n\n<p>\u201cEl d\u00eda de hoy 4 de julio, una&nbsp; comisi\u00f3n integrada por la&nbsp; Secretar\u00eda General de Gobierno,&nbsp; la Coordinaci\u00f3n de Delegados de Paz Social&nbsp; y la Coordinaci\u00f3n&nbsp;de Derechos Humanos del Gobierno del Estado, aproximadamente a las dos la tarde, ingres\u00f3 a la comunidad de Estanzuela Grande, La Reforma, para los efectos de que les entregar\u00e1n&nbsp;al doctor Cipriano Arturo Guzm\u00e1n Boh\u00f3rquez\u2026<\/p>\n\n\n\n<p>\u201cDicha&nbsp;comisi\u00f3n no ha regresado de la comunidad de la Estanzuela Grande, por lo que se teme por la integridad f\u00edsica del&nbsp; doctor Cipriano Arturo&nbsp; Guzm\u00e1n&nbsp; Boh\u00f3rquez y por lo cual los vecinos de La Reforma&nbsp; se han congregado en la desviaci\u00f3n de Estanzuela Grande&nbsp; y por lo cual se puede generar una&nbsp; confrontaci\u00f3n en el transcurso de esta noche\u201d, difundi\u00f3.<\/p>\n\n\n\n<p>El Gobierno del Estado no ha confirmado oficialmente la liberaci\u00f3n ni las condiciones por las cuales se negoci\u00f3 el ayuntamiento de dicho municipio; el mi\u00e9rcoles por la tarde, en sesi\u00f3n extraordinaria, el Congreso del Estado decret\u00f3 la suspensi\u00f3n, no desaparici\u00f3n, de poderes, para destensar la situaci\u00f3n.<\/p>\n\n\n\n<p>El presidente municipal y tres personas m\u00e1s, polic\u00edas locales, fueron retenidos con violencia el pasado 18 de junio por parte de personas armadas de las agencias R\u00edo Tigre y Estanzuela, tras lo cual se los llevaron a esta \u00faltima localidad.<\/p>\n\n\n\n<p>El argumento fue que el edil se ha negado a entregar recursos presupuestales a sus localidades, mientras que la familia del mun\u00edcipe ha acusado que los captores y probables secuestradores son militantes del Movimiento de Unificaci\u00f3n y Lucha Triqui (MULT).<\/p>\n","protected":false},"excerpt":{"rendered":"<p>Ismael Garc\u00eda M.\/Zona Roja. Oaxaca de Ju\u00e1rez, Oax., a 5 de julio de 2024.- A&hellip;<\/p>\n","protected":false},"author":2,"featured_media":70078,"comment_status":"closed","ping_status":"open","sticky":false,"template":"","format":"standard","meta":{"_lmt_disableupdate":"","_lmt_disable":"","_jetpack_memberships_contains_paid_content":false,"footnotes":""},"categories":[109,47],"tags":[3287],"class_list":["post-70077","post","type-post","status-publish","format-standard","has-post-thumbnail","hentry","category-minuto-a-minuto","category-zona-gris","tag-la-reforma"],"jetpack_featured_media_url":"https:\/\/zonaroja.com.mx\/wp-content\/uploads\/2024\/07\/Cipriano-Arturo-Guzman-La-Reforma.jpg","jetpack_sharing_enabled":true,"_links":{"self":[{"href":"https:\/\/zonaroja.com.mx\/index.php?rest_route=\/wp\/v2\/posts\/70077","targetHints":{"allow":["GET"]}}],"collection":[{"href":"https:\/\/zonaroja.com.mx\/index.php?rest_route=\/wp\/v2\/posts"}],"about":[{"href":"https:\/\/zonaroja.com.mx\/index.php?rest_route=\/wp\/v2\/types\/post"}],"author":[{"embeddable":true,"href":"https:\/\/zonaroja.com.mx\/index.php?rest_route=\/wp\/v2\/users\/2"}],"replies":[{"embeddable":true,"href":"https:\/\/zonaroja.com.mx\/index.php?rest_route=%2Fwp%2Fv2%2Fcomments&post=70077"}],"version-history":[{"count":1,"href":"https:\/\/zonaroja.com.mx\/index.php?rest_route=\/wp\/v2\/posts\/70077\/revisions"}],"predecessor-version":[{"id":70079,"href":"https:\/\/zonaroja.com.mx\/index.php?rest_route=\/wp\/v2\/posts\/70077\/revisions\/70079"}],"wp:featuredmedia":[{"embeddable":true,"href":"https:\/\/zonaroja.com.mx\/index.php?rest_route=\/wp\/v2\/media\/70078"}],"wp:attachment":[{"href":"https:\/\/zonaroja.com.mx\/index.php?rest_route=%2Fwp%2Fv2%2Fmedia&parent=70077"}],"wp:term":[{"taxonomy":"category","embeddable":true,"href":"https:\/\/zonaroja.com.mx\/index.php?rest_route=%2Fwp%2Fv2%2Fcategories&post=70077"},{"taxonomy":"post_tag","embeddable":true,"href":"https:\/\/zonaroja.com.mx\/index.php?rest_route=%2Fwp%2Fv2%2Ftags&post=70077"}],"curies":[{"name":"wp","href":"https:\/\/api.w.org\/{rel}","templated":true}]}}