{"id":70083,"date":"2024-07-05T10:16:00","date_gmt":"2024-07-05T16:16:00","guid":{"rendered":"https:\/\/zonaroja.com.mx\/?p=70083"},"modified":"2024-07-05T08:20:37","modified_gmt":"2024-07-05T14:20:37","slug":"comienzan-exigencias-por-instalacion-de-puestos-por-guelaguetza","status":"publish","type":"post","link":"https:\/\/zonaroja.com.mx\/?p=70083","title":{"rendered":"Comienzan exigencias por instalaci\u00f3n de puestos por Guelaguetza"},"content":{"rendered":"\n<p>Raymundo Morales\/Zona Roja.<\/p>\n\n\n\n<p>Oaxaca de Ju\u00e1rez, Oax., a 5 de julio de 2024.- Un grupo de artesanos arrib\u00f3 ayer al palacio municipal de Oaxaca de Ju\u00e1rez, para solicitar espacios de venta por la temporada de Guelaguetza.<\/p>\n\n\n\n<p>Alrededor de un centenar de personas lleg\u00f3 de manera pac\u00edfica y se instal\u00f3 en sal\u00f3n de Cabildo, donde mostraron pancartas de apoyo al presidente municipal Francisco Mart\u00ednez Neri.<\/p>\n\n\n\n<p>Tras ello, abordaron al edil para solicitar ser considerados en dichas acciones:<\/p>\n\n\n\n<p>-El Gobierno del Estado va a hacer una expoventa donde hacemos nuestras ventas temporales, no s\u00e9 qu\u00e9 conocimiento tenga usted. En el sal\u00f3n de Cabildo no se trat\u00f3 el tema.<\/p>\n\n\n\n<p>-Bueno, no se hab\u00eda enlistado el tema, pero voy a enterarme de este asunto, no tengo conocimiento de ello.<\/p>\n\n\n\n<p>-Se est\u00e1 sumando el Gobierno del Estado, a un lado de Santo Domingo, y tiene su Centro de Convenciones.<\/p>\n\n\n\n<p>-Voy a informarme, no tengo a la mano, no s\u00e9 si hay una solicitud expresa.<\/p>\n\n\n\n<p>-Nuestra inquietud es que se supone que se cumplen con ciertos requisitos, inquietudes, pero hoy vemos que el Gobierno del Estado pone expos donde quiere y a la hora que se le ocurre.<\/p>\n\n\n\n<p>\u201cEs ah\u00ed nuestra problem\u00e1tica, est\u00e1 usted enterado o el Gobierno del Estado decide d\u00f3nde poner\u201d.<\/p>\n\n\n\n<p>-Voy a verificar si hay solicitud de permiso, necesitamos saber qu\u00e9 hay.<\/p>\n\n\n\n<p>-Necesitamos que nos apoye, la verdad que los a\u00f1os que ha estado nos ha dado el respaldo a los verdaderos artesanos.<\/p>\n\n\n\n<p>Mart\u00ednez Neri ofreci\u00f3 revisar la situaci\u00f3n y en entrevista colectiva abund\u00f3 que es la comisi\u00f3n respectiva del Cabildo la que analiza las peticiones de instalaci\u00f3n de verbenas y ventas temporales.<\/p>\n\n\n\n<p>Tambi\u00e9n reconoci\u00f3 que el gobierno estatal, a trav\u00e9s de la Secretar\u00eda de Turismo, la que pidi\u00f3 se suspendieran los trabajos de rehabilitaci\u00f3n de la Alameda de Le\u00f3n, ante el arribo de visitantes por la Guelaguetza.<\/p>\n\n\n\n<p>Expuso que espera recibir la solicitud por escrito y previ\u00f3 que dicha orden no afecte los trabajos, que espera se concluyan a tiempo.<\/p>\n\n\n\n<p>En el tema del dengue, confirm\u00f3 que es preocupante la situaci\u00f3n y el pasado mi\u00e9rcoles hubo una reuni\u00f3n del gobernador Salom\u00f3n Jara Cruz con 25 autoridades de los Valles Centrales.<\/p>\n\n\n\n<p>Entre los acuerdos se encuentran realizar este d\u00eda una capacitaci\u00f3n y el fin de semana un megatequio para limpieza de cacharros y nebulizaci\u00f3n, a fin de acabar con el mosco transmisor.<\/p>\n\n\n\n<figure class=\"wp-block-embed is-type-rich is-provider-twitter wp-block-embed-twitter\"><div class=\"wp-block-embed__wrapper\">\n<div class=\"twitter-tweet\"><blockquote class=\"twitter-tweet\" data-lang=\"es\"><p lang=\"es\" dir=\"ltr\">Con sal\u00f3n lleno se llev\u00f3 a cabo la sesi\u00f3n de Cabildo del <a href=\"https:\/\/twitter.com\/MunicipioOaxaca?ref_src=twsrc%5Etfw\">@MunicipioOaxaca<\/a>. <br><br>Artesanos llegaron a agradece el respaldo del edil <a href=\"https:\/\/twitter.com\/FMartinezNeri?ref_src=twsrc%5Etfw\">@FMartinezNeri<\/a> y a solicitar espacios para la temporada de Guelaguetza. <br><br>Al t\u00e9rmino fueron atendidos por el presidente municipal, quien escuch\u00f3 sus\u2026 <a href=\"https:\/\/t.co\/mYWw1waR5D\">pic.twitter.com\/mYWw1waR5D<\/a><\/p>&mdash; Zona Roja Oaxaca (@ZonaRoja_Oaxaca) <a href=\"https:\/\/twitter.com\/ZonaRoja_Oaxaca\/status\/1808951973598933234?ref_src=twsrc%5Etfw\">4 de julio de 2024<\/a><\/blockquote><\/div>\n<\/div><\/figure>\n","protected":false},"excerpt":{"rendered":"<p>Raymundo Morales\/Zona Roja. Oaxaca de Ju\u00e1rez, Oax., a 5 de julio de 2024.- Un grupo&hellip;<\/p>\n","protected":false},"author":2,"featured_media":70084,"comment_status":"closed","ping_status":"open","sticky":false,"template":"","format":"standard","meta":{"_lmt_disableupdate":"","_lmt_disable":"","_jetpack_memberships_contains_paid_content":false,"footnotes":""},"categories":[109,46],"tags":[148],"class_list":["post-70083","post","type-post","status-publish","format-standard","has-post-thumbnail","hentry","category-minuto-a-minuto","category-zona-blanca","tag-oaxaca-de-juarez"],"jetpack_featured_media_url":"https:\/\/zonaroja.com.mx\/wp-content\/uploads\/2024\/07\/Ambulantes-artesanos-ciudad-de-Oaxaca.jpg","jetpack_sharing_enabled":true,"_links":{"self":[{"href":"https:\/\/zonaroja.com.mx\/index.php?rest_route=\/wp\/v2\/posts\/70083","targetHints":{"allow":["GET"]}}],"collection":[{"href":"https:\/\/zonaroja.com.mx\/index.php?rest_route=\/wp\/v2\/posts"}],"about":[{"href":"https:\/\/zonaroja.com.mx\/index.php?rest_route=\/wp\/v2\/types\/post"}],"author":[{"embeddable":true,"href":"https:\/\/zonaroja.com.mx\/index.php?rest_route=\/wp\/v2\/users\/2"}],"replies":[{"embeddable":true,"href":"https:\/\/zonaroja.com.mx\/index.php?rest_route=%2Fwp%2Fv2%2Fcomments&post=70083"}],"version-history":[{"count":1,"href":"https:\/\/zonaroja.com.mx\/index.php?rest_route=\/wp\/v2\/posts\/70083\/revisions"}],"predecessor-version":[{"id":70085,"href":"https:\/\/zonaroja.com.mx\/index.php?rest_route=\/wp\/v2\/posts\/70083\/revisions\/70085"}],"wp:featuredmedia":[{"embeddable":true,"href":"https:\/\/zonaroja.com.mx\/index.php?rest_route=\/wp\/v2\/media\/70084"}],"wp:attachment":[{"href":"https:\/\/zonaroja.com.mx\/index.php?rest_route=%2Fwp%2Fv2%2Fmedia&parent=70083"}],"wp:term":[{"taxonomy":"category","embeddable":true,"href":"https:\/\/zonaroja.com.mx\/index.php?rest_route=%2Fwp%2Fv2%2Fcategories&post=70083"},{"taxonomy":"post_tag","embeddable":true,"href":"https:\/\/zonaroja.com.mx\/index.php?rest_route=%2Fwp%2Fv2%2Ftags&post=70083"}],"curies":[{"name":"wp","href":"https:\/\/api.w.org\/{rel}","templated":true}]}}