{"id":70095,"date":"2024-07-05T08:32:37","date_gmt":"2024-07-05T14:32:37","guid":{"rendered":"https:\/\/zonaroja.com.mx\/?p=70095"},"modified":"2024-07-05T08:32:38","modified_gmt":"2024-07-05T14:32:38","slug":"otra-tragedia-en-ayotzinapa-muere-estudiante-por-explosion","status":"publish","type":"post","link":"https:\/\/zonaroja.com.mx\/?p=70095","title":{"rendered":"Otra tragedia en Ayotzinapa; muere estudiante por explosi\u00f3n"},"content":{"rendered":"\n<p>Redacci\u00f3n\/Zona Roja Cdmx.<\/p>\n\n\n\n<p>Ciudad de M\u00e9xico, a 5 de julio de 2024.- El secretario de gobierno de Guerrero, Francisco Rodr\u00edguez Cisneros, confirm\u00f3 la muerte de un estudiante, no mencion\u00f3 el nombre, durante una explosi\u00f3n ocurrida la ma\u00f1ana de ayer al interior de las instalaciones de la normal de Ayotzinapa, ubicada en el municipio de Tixtla, en la zona centro de la entidad.<\/p>\n\n\n\n<p>Por su parte, peritos de la Fiscal\u00eda General del Estado (FGE) confirmaron que se registr\u00f3 una explosi\u00f3n de tanque gas LP al interior de la normal de Ayotzinapa, en donde falleci\u00f3 un estudiante.<\/p>\n\n\n\n<p>Tambi\u00e9n coincidieron en que la explosi\u00f3n se registr\u00f3 a las 7 de la ma\u00f1ana; sin embargo, los peritos, que pidieron el anonimato y que acudieron a las instalaciones del plantel, confirmaron que el estudiante que falleci\u00f3 se llamaba Brian Rodr\u00edguez Barrios y cursaba el primer a\u00f1o.<\/p>\n\n\n\n<p>Antes los normalistas de Ayotzinapa impidieron el paso de personal de Protecci\u00f3n Civil municipal y del estado, que hab\u00edan arribado desde temprano a la escuela; en tanto que al personal Servicios Periciales de la Fiscal\u00eda tambi\u00e9n les retrasaron el acceso al plantel por m\u00e1s de una hora, y la camioneta del Servicio M\u00e9dico Forense qued\u00f3 estacionada afuera de la instituci\u00f3n.<\/p>\n\n\n\n<p>A la normal hizo acto de presencia el director del Centro Minerva Bello, Filiberto Vel\u00e1zquez Florencio, a quien tambi\u00e9n le impidieron el acceso pero insisti\u00f3 ingresar para representar a la familia del estudiante fallecido.<\/p>\n\n\n\n<p>Por su parte, Rodr\u00edguez Cisneros dijo que la explosi\u00f3n se present\u00f3 en el punto conocido como la panader\u00eda, que se ubica al interior del plantel, y dijo desconocer la versi\u00f3n de que la explosi\u00f3n se habr\u00eda presentado en alg\u00fan punto en donde se elaboraban petardos, \u201chay muchas especulaciones, vamos a esperar las investigaciones de la Fiscal\u00eda del Estado de Guerrero y de Protecci\u00f3n Civil\u201d.<\/p>\n\n\n\n<p>Entrevistado esta ma\u00f1ana en Acapulco, se\u00f1al\u00f3 que \u201ca las 7 de la ma\u00f1ana de hoy se tiene informaci\u00f3n de un incidente en la normal de Ayotzinapa. De una explosi\u00f3n, se da parte a las autoridades y se establece comunicaci\u00f3n con la representaci\u00f3n legal de la escuela\u201d.<\/p>\n\n\n\n<p>Esto facilit\u00f3 la participaci\u00f3n de la FGE y de la Secretar\u00eda de Protecci\u00f3n Civil, \u201cse est\u00e1n haciendo las diligencias correspondientes para determinar las causas del incidente\u201d.<\/p>\n\n\n\n<p>Nosotros tenemos conocimiento \u201cque hubo una explosi\u00f3n, que es lo que todos sabemos, lo que va determinar la autoridad qu\u00e9 es lo que gener\u00f3 esta explosi\u00f3n\u201d.<\/p>\n\n\n\n<p>El Centro de Derechos de las V\u00edctimas Minerva Bello, confirm\u00f3 la muerte del estudiante de la Normal de Ayotzinapa, Bryan \u00abN\u00bb.<br>Mediante un comunicado la ONG, se\u00f1al\u00f3 que, \u00abhace de su conocimiento p\u00fablico que en relaci\u00f3n con los desafortunados hechos ocurridos esta ma\u00f1ana al interior de las instalaciones la Normal de Ayotzinapa se confirma que al momento ya se realizaron las diligencias de ley para estos casos y que, seg\u00fan peritaje de la autoridad competente, la explosi\u00f3n ocurri\u00f3 debido a acumulaci\u00f3n de gas\u00bb.<br>En ese sentido agreg\u00f3 que \u00abse desmienten las versiones de que hab\u00eda explosivos en la zona o un tanque estacionario. Se confirma tambi\u00e9n el lamentable fallecimiento del estudiante Bryan \u00abN\u201d y se informa que ya se le est\u00e1 dando acompa\u00f1amiento a la familia por esta irreparable p\u00e9rdida\u00bb.<br><br>Mencion\u00f3 el comunicado que \u00abel comit\u00e9 estudiantil Ricardo Flores Mag\u00f3n, y la instituci\u00f3n han abierto sus puertas para que las autoridades realicen las investigaciones pertinentes a fin de esclarecer los hechos\u00bb.<br>(Informaci\u00f3n de \u201cLa Jornada\u201d)<\/p>\n","protected":false},"excerpt":{"rendered":"<p>Redacci\u00f3n\/Zona Roja Cdmx. Ciudad de M\u00e9xico, a 5 de julio de 2024.- El secretario de&hellip;<\/p>\n","protected":false},"author":2,"featured_media":70096,"comment_status":"closed","ping_status":"open","sticky":false,"template":"","format":"standard","meta":{"_lmt_disableupdate":"","_lmt_disable":"","_jetpack_memberships_contains_paid_content":false,"footnotes":""},"categories":[109,47],"tags":[715],"class_list":["post-70095","post","type-post","status-publish","format-standard","has-post-thumbnail","hentry","category-minuto-a-minuto","category-zona-gris","tag-normalistas-ayotzinapa"],"jetpack_featured_media_url":"https:\/\/zonaroja.com.mx\/wp-content\/uploads\/2024\/07\/reportan-explosion-de-tanque-de-gas-en-normal-de-ayotzinapa-7590html-ayotinzapa-2jpeg-4079html-784e0986-80c4-424f-9f94-17a3a13bd832.jpegljnimgndimagefullsize.webp","jetpack_sharing_enabled":true,"_links":{"self":[{"href":"https:\/\/zonaroja.com.mx\/index.php?rest_route=\/wp\/v2\/posts\/70095","targetHints":{"allow":["GET"]}}],"collection":[{"href":"https:\/\/zonaroja.com.mx\/index.php?rest_route=\/wp\/v2\/posts"}],"about":[{"href":"https:\/\/zonaroja.com.mx\/index.php?rest_route=\/wp\/v2\/types\/post"}],"author":[{"embeddable":true,"href":"https:\/\/zonaroja.com.mx\/index.php?rest_route=\/wp\/v2\/users\/2"}],"replies":[{"embeddable":true,"href":"https:\/\/zonaroja.com.mx\/index.php?rest_route=%2Fwp%2Fv2%2Fcomments&post=70095"}],"version-history":[{"count":1,"href":"https:\/\/zonaroja.com.mx\/index.php?rest_route=\/wp\/v2\/posts\/70095\/revisions"}],"predecessor-version":[{"id":70097,"href":"https:\/\/zonaroja.com.mx\/index.php?rest_route=\/wp\/v2\/posts\/70095\/revisions\/70097"}],"wp:featuredmedia":[{"embeddable":true,"href":"https:\/\/zonaroja.com.mx\/index.php?rest_route=\/wp\/v2\/media\/70096"}],"wp:attachment":[{"href":"https:\/\/zonaroja.com.mx\/index.php?rest_route=%2Fwp%2Fv2%2Fmedia&parent=70095"}],"wp:term":[{"taxonomy":"category","embeddable":true,"href":"https:\/\/zonaroja.com.mx\/index.php?rest_route=%2Fwp%2Fv2%2Fcategories&post=70095"},{"taxonomy":"post_tag","embeddable":true,"href":"https:\/\/zonaroja.com.mx\/index.php?rest_route=%2Fwp%2Fv2%2Ftags&post=70095"}],"curies":[{"name":"wp","href":"https:\/\/api.w.org\/{rel}","templated":true}]}}