{"id":70099,"date":"2024-07-05T19:48:10","date_gmt":"2024-07-06T01:48:10","guid":{"rendered":"https:\/\/zonaroja.com.mx\/?p=70099"},"modified":"2024-07-05T19:48:12","modified_gmt":"2024-07-06T01:48:12","slug":"asesinan-a-un-individuo-en-valles-centrales-y-a-dos-en-el-istmo","status":"publish","type":"post","link":"https:\/\/zonaroja.com.mx\/?p=70099","title":{"rendered":"Asesinan a un individuo en Valles Centrales y a dos en el Istmo"},"content":{"rendered":"\n<p>Raymundo Morales\/Zona Roja.<\/p>\n\n\n\n<p>Oaxaca de Ju\u00e1rez, Oax., a 5 de julio de 2024.- Como N\u00e9stor N. T. fue identificada la persona que fue asesinada a balazos la ma\u00f1ana de este viernes en Soledad, municipio del distrito de Etla, en la regi\u00f3n Valles Centrales de Oaxaca.<\/p>\n\n\n\n<p>La v\u00edctima fue alcanzada por los disparos de arma de fuego cuando transitaba por la calle \u00c1lvaro Obreg\u00f3n, por presuntos sicarios que lo persegu\u00edan y quienes lograron huir.<\/p>\n\n\n\n<p>De acuerdo con reportes policiacos, se le indagaba por delitos contra la salud y ten\u00eda antecedentes penales por \u201cnarcomenudeo\u201d; el caso es investigado por la Fiscal\u00eda General del Estado.<\/p>\n\n\n\n<p>EN JALAPA<\/p>\n\n\n\n<p>Por otra parte, en la localidad de Llano Grande, del municipio de Santa Mar\u00eda Jalapa del Marqu\u00e9s, en la regi\u00f3n del Istmo, fue ultimado a balazos un individuo en el interior de un local de alimentos.<\/p>\n\n\n\n<p>La v\u00edctima ha sido identificada hasta ahora como \u201cEl Colombiano\u201d porque presuntamente es de esa nacionalidad y radicaba en dicha localidad istme\u00f1a.<\/p>\n\n\n\n<p>Hasta el momento se desconoce el m\u00f3vil del crimen, as\u00ed como la identidad de sus agresores.<\/p>\n\n\n\n<p>EN EL BARRIO<\/p>\n\n\n\n<p>Por otra parte, autoridades ministeriales confirmaron la ejecuci\u00f3n por disparos de arma de fuego de un individuo en su domicilio de la agencia Almoloya, perteneciente al municipio de El Barrio La Soledad, en la regi\u00f3n del Istmo.<\/p>\n\n\n\n<p>Presuntos sicarios arribaron al domicilio de Carlo V. Z., de 52 a\u00f1os de edad, y le dispararon de manera directa para luego huir.<\/p>\n\n\n\n<p>El crimen ocurri\u00f3 alrededor de la una de la ma\u00f1ana y los vecinos dieron aviso a las autoridades policiacas, que llegaron posteriormente pero s\u00f3lo para confirmar el crimen y para acordonar la escena de los hechos.<\/p>\n\n\n\n<p>EN MAT\u00cdAS<\/p>\n\n\n\n<p>Por otra parte, en el municipio de Mat\u00edas Romero Avenda\u00f1o, tambi\u00e9n en el Istmo se registr\u00f3 un asalto bancario a cuentahabientes cuando sal\u00edan de la sucursal Banamex.<\/p>\n\n\n\n<p>Presuntamente los delincuentes pretend\u00edan asaltar el banco pero al no lograr su cometido, enca\u00f1onaron a las personas que sal\u00edan de las instalaciones y tras despojarlos de dinero y otros bienes, huyeron de la zona.<\/p>\n\n\n\n<p>A pesar de que fue en el centro de dicho municipio, no hab\u00eda polic\u00edas municipales en la zona para buscar a los asaltantes.<\/p>\n\n\n\n<p>EN XOXOCOTL\u00c1N<\/p>\n\n\n\n<p>Por otra parte, en Santa Cruz Xoxocotl\u00e1n, una persona del sexo masculino fue lesionada de bala.<\/p>\n\n\n\n<p>La v\u00edctima fue hallada por corporaciones policiacas en el bulevar Guadalupe Hinojosa, jurisdicci\u00f3n de la colonia Juquilita; la v\u00edctima de 41 a\u00f1os de edad fue atendida por param\u00e9dicos de la organizaci\u00f3n \u201cHalcones\u201d y trasladada a un hospital.<\/p>\n","protected":false},"excerpt":{"rendered":"<p>Raymundo Morales\/Zona Roja. Oaxaca de Ju\u00e1rez, Oax., a 5 de julio de 2024.- Como N\u00e9stor&hellip;<\/p>\n","protected":false},"author":2,"featured_media":70100,"comment_status":"closed","ping_status":"open","sticky":false,"template":"","format":"standard","meta":{"_lmt_disableupdate":"","_lmt_disable":"","_jetpack_memberships_contains_paid_content":false,"footnotes":""},"categories":[109,51],"tags":[1677,1245],"class_list":["post-70099","post","type-post","status-publish","format-standard","has-post-thumbnail","hentry","category-minuto-a-minuto","category-zona-roja","tag-jalapa-del-marques","tag-soledad-etla"],"jetpack_featured_media_url":"https:\/\/zonaroja.com.mx\/wp-content\/uploads\/2024\/07\/Asesinado-Soledad-Etla.jpeg","jetpack_sharing_enabled":true,"_links":{"self":[{"href":"https:\/\/zonaroja.com.mx\/index.php?rest_route=\/wp\/v2\/posts\/70099","targetHints":{"allow":["GET"]}}],"collection":[{"href":"https:\/\/zonaroja.com.mx\/index.php?rest_route=\/wp\/v2\/posts"}],"about":[{"href":"https:\/\/zonaroja.com.mx\/index.php?rest_route=\/wp\/v2\/types\/post"}],"author":[{"embeddable":true,"href":"https:\/\/zonaroja.com.mx\/index.php?rest_route=\/wp\/v2\/users\/2"}],"replies":[{"embeddable":true,"href":"https:\/\/zonaroja.com.mx\/index.php?rest_route=%2Fwp%2Fv2%2Fcomments&post=70099"}],"version-history":[{"count":1,"href":"https:\/\/zonaroja.com.mx\/index.php?rest_route=\/wp\/v2\/posts\/70099\/revisions"}],"predecessor-version":[{"id":70101,"href":"https:\/\/zonaroja.com.mx\/index.php?rest_route=\/wp\/v2\/posts\/70099\/revisions\/70101"}],"wp:featuredmedia":[{"embeddable":true,"href":"https:\/\/zonaroja.com.mx\/index.php?rest_route=\/wp\/v2\/media\/70100"}],"wp:attachment":[{"href":"https:\/\/zonaroja.com.mx\/index.php?rest_route=%2Fwp%2Fv2%2Fmedia&parent=70099"}],"wp:term":[{"taxonomy":"category","embeddable":true,"href":"https:\/\/zonaroja.com.mx\/index.php?rest_route=%2Fwp%2Fv2%2Fcategories&post=70099"},{"taxonomy":"post_tag","embeddable":true,"href":"https:\/\/zonaroja.com.mx\/index.php?rest_route=%2Fwp%2Fv2%2Ftags&post=70099"}],"curies":[{"name":"wp","href":"https:\/\/api.w.org\/{rel}","templated":true}]}}