{"id":70102,"date":"2024-07-05T20:56:38","date_gmt":"2024-07-06T02:56:38","guid":{"rendered":"https:\/\/zonaroja.com.mx\/?p=70102"},"modified":"2024-07-05T20:56:40","modified_gmt":"2024-07-06T02:56:40","slug":"profesionistas-del-ramo-de-la-construccion-convocan-a-expo-congreso-en-chiapas","status":"publish","type":"post","link":"https:\/\/zonaroja.com.mx\/?p=70102","title":{"rendered":"Profesionistas del ramo de la construcci\u00f3n convocan a Expo Congreso en Chiapas"},"content":{"rendered":"\n<p>Redacci\u00f3n\/Zona Roja.<\/p>\n\n\n\n<p>Oaxaca de Ju\u00e1rez, Oax., a 5 de julio de 2024.- Como parte de las estrategias para posicionar el sureste del pa\u00eds y abrir una ventana de oportunidades para los negocios, las asociaciones Oaxaque\u00f1a de Constructores de Instalaciones El\u00e9ctricas y Conexos (AOCIEC), Constructores de Obras Electromec\u00e1nicas del Estado de Chiapas (ACOECH), as\u00ed como el Colegio de Ingenieros Mec\u00e1nicos y Electricistas del Estado de Chiapas (CIME) y la C\u00e1mara Mexicana de la Industria de la Construcci\u00f3n (CMIC) delegaci\u00f3n Oaxaca, anunciaron la realizaci\u00f3n del Cuarta Expo Congreso Internacional Electromec\u00e1nico del Sureste, del 19 al 21 de septiembre, en Tuxtla Guti\u00e9rrez, Chiapas.<\/p>\n\n\n\n<p>En conferencia de prensa, los presidentes de la AOCIEC; Jes\u00fas Eusebio Jarqu\u00edn Bautista; ACOECH, Santiago Santana Belmares; CIME, Carlos Humberto S\u00e1nchez Couti\u00f1o; CMIC, Billy Hern\u00e1ndez Mendoza y la directora de log\u00edstica del encuentro, Nimia Silvana Pe\u00f1aloza, informaron que el Congreso reunir\u00e1 a unas dos mil personas, entre especialistas del ramo, acad\u00e9micos, ponentes y asistentes.<\/p>\n\n\n\n<p>Ante medios de comunicaci\u00f3n, informaron que el Expo Congreso es el evento m\u00e1s grande del tipo en la regi\u00f3n sureste del pa\u00eds, que re\u00fane a unas 100 marcas de vanguardia, por lo que adem\u00e1s de la capacitaci\u00f3n, es un espacio para la realizaci\u00f3n de negocios.<\/p>\n\n\n\n<p>Jarqu\u00edn Bautista refiri\u00f3 que el Expo Congreso del Sureste surgi\u00f3 como una estrategia de posicionamiento del sector de la regi\u00f3n, pues existen eventos de esta naturaleza en el centro y norte del pa\u00eds, por lo que es una apuesta para el desarrollo de la regi\u00f3n, adem\u00e1s de dar respuesta al proyecto Interoce\u00e1nico que impactar\u00e1 positivamente en la zona.<\/p>\n\n\n\n<p>\u201cUno de los objetivos del Congreso consiste en dignificar y dar a conocer la fortaleza del gremio el\u00e9ctrico, adem\u00e1s de promocionar la prevenci\u00f3n en el uso seguro de la energ\u00eda el\u00e9ctrica, las ventanas de posibilidades de la energ\u00eda sustentable y abrir un espacio de negocios\u201d, apunt\u00f3.<\/p>\n\n\n\n<p>Por su parte, el presidente de la Delegaci\u00f3n Oaxaca de la CMIC, Billy Hern\u00e1ndez dio la bienvenida a las y los integrantes de los colegios y asociaciones de Chiapas, adem\u00e1s de celebrar la realizaci\u00f3n del Congreso.<\/p>\n\n\n\n<p>INTERCAMBIAR EXPERIENCIAS<\/p>\n\n\n\n<p>En su oportunidad, el presidente de la Asociaci\u00f3n de Constructores de Obras Electromec\u00e1nicas del Estado de Chiapas, Santiago Santana Belmares, asegur\u00f3 que el encuentro permitir\u00e1 intercambiar experiencias entre los ingenieros electricistas y electromec\u00e1nicos, establecer propuestas en materia de sostenibilidad, ya que el Sureste del pa\u00eds cuenta con un gran potencial en el uso de energ\u00edas limpias.<\/p>\n\n\n\n<p>\u201cEstamos listos para atender los requerimientos que representa el corredor Interoce\u00e1nico en materia de energ\u00eda el\u00e9ctrica, pues el uso adecuado de la misma es fundamental en cada momento de la vida moderna\u201d, dijo.<\/p>\n\n\n\n<p>El presidente del Colegio de Ingenieros Mec\u00e1nicos y Electricistas del Estado de Chiapas, Carlos Humberto S\u00e1nchez Couti\u00f1o reconoci\u00f3 la importancia de Oaxaca en el \u00e1mbito nacional, motivo por el cual se eligi\u00f3 la entidad para dar a conocer la realizaci\u00f3n del cuarto Congreso Internacional Electromec\u00e1nico del Sureste.<\/p>\n\n\n\n<p>\u201cEn el Congreso se abordar\u00e1n temas sobre sostenibilidad, que consiste en satisfacer las necesidades del presente, sin comprometer a las nuevas generaciones; abordaremos lo referente a la electromovilidad, debido a que el gobierno federal tiene un proyecto en este sentido para las 32 capitales del pa\u00eds, as\u00ed como establecer par\u00e1metros sobre la normatividad en materia de seguridad el\u00e9ctrica e impulsar\u00e1n el uso de nuevas tecnolog\u00edas en el sector\u201d, dijo.<\/p>\n\n\n\n<p>A trav\u00e9s de eventos como el Expo Congreso se buscan revertir los bajos \u00edndices de desarrollo humano en la regi\u00f3n, pues se incentiva la derrama econ\u00f3mica y coloca al Sureste mexicano en el foco de atenci\u00f3n en materia de innovaci\u00f3n tecnol\u00f3gica, indic\u00f3.<\/p>\n\n\n\n<p>Finalmente, la directora de log\u00edstica del encuentro, Nimia Silvana Pe\u00f1aloza confi\u00f3 en el \u00e9xito del Congreso, con la participaci\u00f3n de al menos un centenar de marcas y miles de ingenieros, por lo que convoc\u00f3 a las y los interesados a establecer comunicaci\u00f3n para sumarse al encuentro al 961 116 52 94.<\/p>\n","protected":false},"excerpt":{"rendered":"<p>Redacci\u00f3n\/Zona Roja. Oaxaca de Ju\u00e1rez, Oax., a 5 de julio de 2024.- Como parte de&hellip;<\/p>\n","protected":false},"author":2,"featured_media":70103,"comment_status":"closed","ping_status":"open","sticky":false,"template":"","format":"standard","meta":{"_lmt_disableupdate":"","_lmt_disable":"","_jetpack_memberships_contains_paid_content":false,"footnotes":""},"categories":[109,47],"tags":[],"class_list":["post-70102","post","type-post","status-publish","format-standard","has-post-thumbnail","hentry","category-minuto-a-minuto","category-zona-gris"],"jetpack_featured_media_url":"https:\/\/zonaroja.com.mx\/wp-content\/uploads\/2024\/07\/Expo-Congreso-Chiapas.jpg","jetpack_sharing_enabled":true,"_links":{"self":[{"href":"https:\/\/zonaroja.com.mx\/index.php?rest_route=\/wp\/v2\/posts\/70102","targetHints":{"allow":["GET"]}}],"collection":[{"href":"https:\/\/zonaroja.com.mx\/index.php?rest_route=\/wp\/v2\/posts"}],"about":[{"href":"https:\/\/zonaroja.com.mx\/index.php?rest_route=\/wp\/v2\/types\/post"}],"author":[{"embeddable":true,"href":"https:\/\/zonaroja.com.mx\/index.php?rest_route=\/wp\/v2\/users\/2"}],"replies":[{"embeddable":true,"href":"https:\/\/zonaroja.com.mx\/index.php?rest_route=%2Fwp%2Fv2%2Fcomments&post=70102"}],"version-history":[{"count":1,"href":"https:\/\/zonaroja.com.mx\/index.php?rest_route=\/wp\/v2\/posts\/70102\/revisions"}],"predecessor-version":[{"id":70104,"href":"https:\/\/zonaroja.com.mx\/index.php?rest_route=\/wp\/v2\/posts\/70102\/revisions\/70104"}],"wp:featuredmedia":[{"embeddable":true,"href":"https:\/\/zonaroja.com.mx\/index.php?rest_route=\/wp\/v2\/media\/70103"}],"wp:attachment":[{"href":"https:\/\/zonaroja.com.mx\/index.php?rest_route=%2Fwp%2Fv2%2Fmedia&parent=70102"}],"wp:term":[{"taxonomy":"category","embeddable":true,"href":"https:\/\/zonaroja.com.mx\/index.php?rest_route=%2Fwp%2Fv2%2Fcategories&post=70102"},{"taxonomy":"post_tag","embeddable":true,"href":"https:\/\/zonaroja.com.mx\/index.php?rest_route=%2Fwp%2Fv2%2Ftags&post=70102"}],"curies":[{"name":"wp","href":"https:\/\/api.w.org\/{rel}","templated":true}]}}