{"id":70105,"date":"2024-07-05T21:54:35","date_gmt":"2024-07-06T03:54:35","guid":{"rendered":"https:\/\/zonaroja.com.mx\/?p=70105"},"modified":"2024-07-05T21:54:37","modified_gmt":"2024-07-06T03:54:37","slug":"por-asalto-habrian-matado-a-la-hermana-de-carlos-salcedo-hay-dos-detenidos","status":"publish","type":"post","link":"https:\/\/zonaroja.com.mx\/?p=70105","title":{"rendered":"Por asalto, habr\u00edan matado a la hermana de Carlos Salcedo; hay dos detenidos"},"content":{"rendered":"\n<p>Redacci\u00f3n\/Zona Roja Cdmx.<\/p>\n\n\n\n<p>Ciudad de M\u00e9xico, a 5 de julio de 20204.- La Fiscal\u00eda General de Justicia del Estado de M\u00e9xico inform\u00f3 que fueron detenidos dos sujetos quienes son identificados como los autores materiales de la muerte de Paola Salcedo, hermana del futbolista Carlos Salcedo, quien fue ultimada a tiros la noche del s\u00e1bado 29 de junio pasado en el municipio de Huixquilucan.<\/p>\n\n\n\n<p>A trav\u00e9s de un comunicado de medios, la Fiscal\u00eda estatal revel\u00f3 que fueron detenidos, en cumplimiento de una orden de aprehensi\u00f3n, Miguel \u00c1ngel \u201cN\u201d alias \u201cEl Pecas\u201d y Jos\u00e9 Iv\u00e1n \u201cN\u201d, por su probable intervenci\u00f3n en la privaci\u00f3n de la vida de la hermana del defensa del Cruz Azul y se aclar\u00f3 que el m\u00f3vil del asesinato fue un robo, pues la v\u00edctima se resisti\u00f3 a ser despojada de sus pertenencias.<\/p>\n\n\n\n<p>Con esta hip\u00f3tesis de la fiscal\u00eda se echa por la borda la imputaci\u00f3n que hizo la madre del futbolista, de nombre Mar\u00eda Isabel Hern\u00e1ndez, quien ayer jueves poste\u00f3 en su cuenta de Instagram, que el futbolista era el autor intelectual de la muerte de su hermana, junto con su esposa.<\/p>\n\n\n\n<p>La fiscal\u00eda estatal indic\u00f3 que tras recibir la notificaci\u00f3n del m\u00e9dico legal que dio fe de la muerte de Paola Salcedo, quien lleg\u00f3 sin signos vitales a un hospital privado de la zona de Interlomas, la fiscal\u00eda estatal inici\u00f3 una investigaci\u00f3n.<\/p>\n\n\n\n<p>Personal de la polic\u00eda de investigaci\u00f3n acudi\u00f3 al hospital, donde se realiz\u00f3 el levantamiento del cad\u00e1ver y se obtuvo el expediente cl\u00ednico de la v\u00edctima. Adem\u00e1s fue inspeccionado el lugar de los hechos donde se fijaron indicios criminal\u00edsticos y se llevaron a cabo otros actos de investigaci\u00f3n preliminares, tales como intervenci\u00f3n de peritos en materia de criminal\u00edstica de campo, fotograf\u00eda y bal\u00edstica, as\u00ed como recopilaci\u00f3n de entrevistas y videograbaciones de c\u00e1maras de seguridad, entre otras.<\/p>\n\n\n\n<p>Con la informaci\u00f3n recabada se pudo establecer que Paola Salcedo asisti\u00f3, en compa\u00f1\u00eda de su hijo de 4 a\u00f1os y la nana del menor, a una funci\u00f3n del Circo Bardum, instalado en la avenida Instituto Polit\u00e9cnico Nacional, colonia El Arenal, en Huixquilucan.<\/p>\n\n\n\n<p>Cuando la funci\u00f3n termin\u00f3 , Paola, su hijo y la nana se dirigieron a abordar su camioneta Tahoe color blanco, cuando dos hombres a bordo de una motocicleta se acercaron a la camioneta y uno baj\u00f3 y amag\u00f3 con un arma de fuego a la v\u00edctima con el objeto de despojar de sus pertenencias y ante la resistencia de la v\u00edctima, \u00e9ste sujeto accion\u00f3 el arma en su contra.<\/p>\n\n\n\n<p>(Informaci\u00f3n de \u201cLa Jornada\u201d)<\/p>\n","protected":false},"excerpt":{"rendered":"<p>Redacci\u00f3n\/Zona Roja Cdmx. Ciudad de M\u00e9xico, a 5 de julio de 20204.- La Fiscal\u00eda General&hellip;<\/p>\n","protected":false},"author":2,"featured_media":70106,"comment_status":"closed","ping_status":"open","sticky":false,"template":"","format":"standard","meta":{"_lmt_disableupdate":"","_lmt_disable":"","_jetpack_memberships_contains_paid_content":false,"footnotes":""},"categories":[109,47],"tags":[],"class_list":["post-70105","post","type-post","status-publish","format-standard","has-post-thumbnail","hentry","category-minuto-a-minuto","category-zona-gris"],"jetpack_featured_media_url":"https:\/\/zonaroja.com.mx\/wp-content\/uploads\/2024\/07\/Detenidos-caso-Carlos-Salcedo.webp","jetpack_sharing_enabled":true,"_links":{"self":[{"href":"https:\/\/zonaroja.com.mx\/index.php?rest_route=\/wp\/v2\/posts\/70105","targetHints":{"allow":["GET"]}}],"collection":[{"href":"https:\/\/zonaroja.com.mx\/index.php?rest_route=\/wp\/v2\/posts"}],"about":[{"href":"https:\/\/zonaroja.com.mx\/index.php?rest_route=\/wp\/v2\/types\/post"}],"author":[{"embeddable":true,"href":"https:\/\/zonaroja.com.mx\/index.php?rest_route=\/wp\/v2\/users\/2"}],"replies":[{"embeddable":true,"href":"https:\/\/zonaroja.com.mx\/index.php?rest_route=%2Fwp%2Fv2%2Fcomments&post=70105"}],"version-history":[{"count":1,"href":"https:\/\/zonaroja.com.mx\/index.php?rest_route=\/wp\/v2\/posts\/70105\/revisions"}],"predecessor-version":[{"id":70107,"href":"https:\/\/zonaroja.com.mx\/index.php?rest_route=\/wp\/v2\/posts\/70105\/revisions\/70107"}],"wp:featuredmedia":[{"embeddable":true,"href":"https:\/\/zonaroja.com.mx\/index.php?rest_route=\/wp\/v2\/media\/70106"}],"wp:attachment":[{"href":"https:\/\/zonaroja.com.mx\/index.php?rest_route=%2Fwp%2Fv2%2Fmedia&parent=70105"}],"wp:term":[{"taxonomy":"category","embeddable":true,"href":"https:\/\/zonaroja.com.mx\/index.php?rest_route=%2Fwp%2Fv2%2Fcategories&post=70105"},{"taxonomy":"post_tag","embeddable":true,"href":"https:\/\/zonaroja.com.mx\/index.php?rest_route=%2Fwp%2Fv2%2Ftags&post=70105"}],"curies":[{"name":"wp","href":"https:\/\/api.w.org\/{rel}","templated":true}]}}