{"id":70111,"date":"2024-07-06T09:00:00","date_gmt":"2024-07-06T15:00:00","guid":{"rendered":"https:\/\/zonaroja.com.mx\/?p=70111"},"modified":"2024-07-06T07:40:35","modified_gmt":"2024-07-06T13:40:35","slug":"descubren-en-templo-de-oaxaca-fresco-con-frase-amor-con-amor-se-paga","status":"publish","type":"post","link":"https:\/\/zonaroja.com.mx\/?p=70111","title":{"rendered":"Descubren en templo de Oaxaca fresco con frase \u201cAmor con amor se paga\u201d"},"content":{"rendered":"\n<p>Redacci\u00f3n\/Zona Roja.&nbsp;<\/p>\n\n\n\n<p>Oaxaca de Ju\u00e1rez, Oax., a 6 de julio de 2024.- Un fresco que data del siglo XIX con la frase \u201cAmor con amor se paga\u201d fue descubierto en el templo cat\u00f3lico principal del municipio de Santa Luc\u00eda del Camino, en los trabajos de rehabilitaci\u00f3n.<\/p>\n\n\n\n<p>La revelaci\u00f3n la hizo ayer la secretaria de Cultura federal, Alejandra Frausto, durante la inauguraci\u00f3n de los trabajos, en presencia del gobernador Salom\u00f3n Jara Cruz y del presidente municipal Juan Carlos Garc\u00eda M\u00e1rquez.<\/p>\n\n\n\n<p>\u201cEncontramos algo que creo, a partir de hoy, va a ser un lugar muy visitado; apareci\u00f3 una pintura que estaba oculta, que cuando se la presentamos al Presidente (Andr\u00e9s Manuel L\u00f3pez Obrador) le dijimos, no la hicimos nosotros, apareci\u00f3 en la restauraci\u00f3n.<\/p>\n\n\n\n<p>\u201cEn el dintel de la puerta, a la entrada del derecho, hay una imagen en el arco, un blas\u00f3n, como un escudo que es de alrededor de 1800 que reza la frase \u2018Amor con amor se paga\u2019\u201d, narr\u00f3 la funcionaria federal.<\/p>\n\n\n\n<p>Expuso tambi\u00e9n que se han hallado otros vestigios antiguos en los templos de Santo Domingo Tehuantepec y de Juchit\u00e1n de Zaragoza, durante los trabajos de restauraci\u00f3n.<\/p>\n\n\n\n<p>En Santa Luc\u00eda del Camino, y como parte del Plan Nacional de Reconstrucci\u00f3n, este viernes el Templo cat\u00f3lico de Santa Luc\u00eda del Camino reabri\u00f3 sus puertas luego de una rehabilitaci\u00f3n que const\u00f3 de una inversi\u00f3n de cuatro millones 389 mil 376 pesos.<\/p>\n\n\n\n<p>SALVAGUARDAR HERENCIA<\/p>\n\n\n\n<p>En su intervenci\u00f3n, el mandatario estatal se\u00f1al\u00f3 que el inmueble representa la espiritualidad de este municipio emblem\u00e1tico de Valles Centrales, el cual ha jugado un papel relevante en la historia de Oaxaca y posee un inestimable valor simb\u00f3lico para la poblaci\u00f3n. \u00a0<\/p>\n\n\n\n<figure class=\"wp-block-image size-full\"><img decoding=\"async\" width=\"800\" height=\"450\" src=\"https:\/\/zonaroja.com.mx\/wp-content\/uploads\/2024\/07\/Amor-con-amor-se-paga-Santa-Lucia.jpg\" alt=\"\" class=\"wp-image-70113\" srcset=\"https:\/\/zonaroja.com.mx\/wp-content\/uploads\/2024\/07\/Amor-con-amor-se-paga-Santa-Lucia.jpg 800w, https:\/\/zonaroja.com.mx\/wp-content\/uploads\/2024\/07\/Amor-con-amor-se-paga-Santa-Lucia-300x169.jpg 300w, https:\/\/zonaroja.com.mx\/wp-content\/uploads\/2024\/07\/Amor-con-amor-se-paga-Santa-Lucia-768x432.jpg 768w, https:\/\/zonaroja.com.mx\/wp-content\/uploads\/2024\/07\/Amor-con-amor-se-paga-Santa-Lucia-585x329.jpg 585w\" sizes=\"(max-width: 800px) 100vw, 800px\" \/><\/figure>\n\n\n\n<p>\u201cCon esta entrega la \u2018Primavera Oaxaque\u00f1a\u2019 refrenda su compromiso con la salvaguarda de la herencia cultural de la ciudadan\u00eda, como parte del trabajo encaminado a La Reparaci\u00f3n Hist\u00f3rica de los Pueblos para seguir avanzando en esta ruta de la mano de las comunidades\u201d asever\u00f3.<\/p>\n\n\n\n<p>Los trabajos consistieron en la reparaci\u00f3n de grietas de muros, b\u00f3veda, fachada, c\u00fapula y arco; aplanados; enladrillados; entortado exterior; impermeabilizaci\u00f3n, entre otros, para fortalecer las condiciones de seguridad para feligreses y personal eclesi\u00e1stico.<\/p>\n\n\n\n<p>La restauraci\u00f3n de este monumento forma parte de los 301 inmuebles de Oaxaca que resultaron da\u00f1ados por los sismos del 2017, a los que los gobiernos federal y estatal se comprometieron atender con un monto superior a los mil millones de pesos.<\/p>\n\n\n\n<p>Por su parte, la Secretaria de Cultura indic\u00f3 que de la mano del Presidente de la Rep\u00fablica, Andr\u00e9s Manuel L\u00f3pez Obrador, se han atendido a varios sectores como educaci\u00f3n, vivienda, salud y cultura, prueba de ello es este inmueble lleno de historia.<\/p>\n\n\n\n<p>\u201cAgradecemos la confianza por recuperar este templo para que ni\u00f1as y ni\u00f1os puedan conocerlo por primera vez; aqu\u00ed en el coraz\u00f3n cultural de M\u00e9xico, la cultura nunca nos ha fallado y esta vez no es la excepci\u00f3n\u201d, manifest\u00f3.<\/p>\n\n\n\n<p>GIRA EN VALLES<\/p>\n\n\n\n<p>Por otra parte, tras ese acto, el mandatario Jara Cruz acudi\u00f3 al municipio de La Compa\u00f1\u00eda, donde anunci\u00f3 una inversi\u00f3n de 17 millones 510 mil pesos, para su cabecera y sus ocho agencias.<\/p>\n\n\n\n<p>Durante su gira de trabajo por esta comunidad, ubicada al sur de la regi\u00f3n de los Valles Centrales, se\u00f1al\u00f3 que en el gobierno de la \u201cPrimavera Oaxaque\u00f1a\u201d se implementa la estrategia Trabajo que Transforma tu Municipio para beneficiar a la poblaci\u00f3n que m\u00e1s lo requiera con apoyos que les permita elevar su calidad de vida.<\/p>\n\n\n\n<p>Entre otros apoyos, se inform\u00f3 que como resultado del convenio que suscribieron el a\u00f1o pasado el Instituto del Patrimonio Cultural del Estado de Oaxaca (Inpac) y el Instituto Nacional de Antropolog\u00eda e Historia (INAH) se llevan a cabo obras de rehabilitaci\u00f3n del templo de La Soledad por 5 millones 278 mil 885 pesos. Actualmente registra un avance del 90 por ciento. \u00a0<\/p>\n\n\n\n<figure class=\"wp-block-embed is-type-rich is-provider-twitter wp-block-embed-twitter\"><div class=\"wp-block-embed__wrapper\">\n<div class=\"twitter-tweet\"><blockquote class=\"twitter-tweet\" data-lang=\"es\"><p lang=\"es\" dir=\"ltr\">\u00a1\u201cAmor con amor se paga\u201d!<br><br>1. Esta frase que usa el Presidente <a href=\"https:\/\/twitter.com\/lopezobrador_?ref_src=twsrc%5Etfw\">@lopezobrador_<\/a> fue descubierta en un fresco del siglo XVI en el templo de Santa Luc\u00eda del Camino, durante los trabajos de restauraci\u00f3n.<br><br>As\u00ed lo revel\u00f3 hoy la titular de la <a href=\"https:\/\/twitter.com\/cultura_mx?ref_src=twsrc%5Etfw\">@cultura_mx<\/a>, <a href=\"https:\/\/twitter.com\/alefrausto?ref_src=twsrc%5Etfw\">@alefrausto<\/a>, ante el gobernador\u2026 <a href=\"https:\/\/t.co\/SBQcbXMDxo\">pic.twitter.com\/SBQcbXMDxo<\/a><\/p>&mdash; Zona Roja Oaxaca (@ZonaRoja_Oaxaca) <a href=\"https:\/\/twitter.com\/ZonaRoja_Oaxaca\/status\/1809311128742424822?ref_src=twsrc%5Etfw\">5 de julio de 2024<\/a><\/blockquote><\/div>\n<\/div><\/figure>\n","protected":false},"excerpt":{"rendered":"<p>Redacci\u00f3n\/Zona Roja.&nbsp; Oaxaca de Ju\u00e1rez, Oax., a 6 de julio de 2024.- Un fresco que&hellip;<\/p>\n","protected":false},"author":2,"featured_media":70114,"comment_status":"closed","ping_status":"open","sticky":false,"template":"","format":"standard","meta":{"_lmt_disableupdate":"","_lmt_disable":"","_jetpack_memberships_contains_paid_content":false,"footnotes":""},"categories":[109,46],"tags":[337],"class_list":["post-70111","post","type-post","status-publish","format-standard","has-post-thumbnail","hentry","category-minuto-a-minuto","category-zona-blanca","tag-santa-lucia-del-camino"],"jetpack_featured_media_url":"https:\/\/zonaroja.com.mx\/wp-content\/uploads\/2024\/07\/Salomon-Jara-Santa-Lucia-del-Camino.jpg","jetpack_sharing_enabled":true,"_links":{"self":[{"href":"https:\/\/zonaroja.com.mx\/index.php?rest_route=\/wp\/v2\/posts\/70111","targetHints":{"allow":["GET"]}}],"collection":[{"href":"https:\/\/zonaroja.com.mx\/index.php?rest_route=\/wp\/v2\/posts"}],"about":[{"href":"https:\/\/zonaroja.com.mx\/index.php?rest_route=\/wp\/v2\/types\/post"}],"author":[{"embeddable":true,"href":"https:\/\/zonaroja.com.mx\/index.php?rest_route=\/wp\/v2\/users\/2"}],"replies":[{"embeddable":true,"href":"https:\/\/zonaroja.com.mx\/index.php?rest_route=%2Fwp%2Fv2%2Fcomments&post=70111"}],"version-history":[{"count":1,"href":"https:\/\/zonaroja.com.mx\/index.php?rest_route=\/wp\/v2\/posts\/70111\/revisions"}],"predecessor-version":[{"id":70115,"href":"https:\/\/zonaroja.com.mx\/index.php?rest_route=\/wp\/v2\/posts\/70111\/revisions\/70115"}],"wp:featuredmedia":[{"embeddable":true,"href":"https:\/\/zonaroja.com.mx\/index.php?rest_route=\/wp\/v2\/media\/70114"}],"wp:attachment":[{"href":"https:\/\/zonaroja.com.mx\/index.php?rest_route=%2Fwp%2Fv2%2Fmedia&parent=70111"}],"wp:term":[{"taxonomy":"category","embeddable":true,"href":"https:\/\/zonaroja.com.mx\/index.php?rest_route=%2Fwp%2Fv2%2Fcategories&post=70111"},{"taxonomy":"post_tag","embeddable":true,"href":"https:\/\/zonaroja.com.mx\/index.php?rest_route=%2Fwp%2Fv2%2Ftags&post=70111"}],"curies":[{"name":"wp","href":"https:\/\/api.w.org\/{rel}","templated":true}]}}