{"id":70119,"date":"2024-07-07T11:45:00","date_gmt":"2024-07-07T17:45:00","guid":{"rendered":"https:\/\/zonaroja.com.mx\/?p=70119"},"modified":"2024-07-07T06:53:29","modified_gmt":"2024-07-07T12:53:29","slug":"sentencian-a-33-anos-a-individuo-por-tentativa-de-feminicidio-agravado","status":"publish","type":"post","link":"https:\/\/zonaroja.com.mx\/?p=70119","title":{"rendered":"Sentencian a 33 a\u00f1os a individuo por tentativa de feminicidio agravado"},"content":{"rendered":"\n<p>Redacci\u00f3n\/Zona Roja.<\/p>\n\n\n\n<p>Oaxaca de Ju\u00e1rez, Oax., a 7 de julio de 2024.- La Fiscal\u00eda General del Estado de Oaxaca (FGEO) obtuvo una sentencia condenatoria de 33 a\u00f1os de prisi\u00f3n en contra de una persona del sexo masculino identificada como Edgar F. R., por su responsabilidad en la comisi\u00f3n del delito de tentativa de feminicidio agravado, hechos ocurridos en la regi\u00f3n de la Costa.<\/p>\n\n\n\n<p>De acuerdo con el expediente penal, los hechos ocurrieron el 22 de enero de 2023, cuando la v\u00edctima -identificada como S.R.H.- se encontraba en su domicilio ubicado en San Francisco Cozoaltepec, perteneciente a Santa Mar\u00eda Tonameca, cuando el imputado Edgar F.R. lleg\u00f3 y agredi\u00f3 a la v\u00edctima con un objeto corto contundente (machete).&nbsp;<\/p>\n\n\n\n<p>Tras recibir la denuncia, la Fiscal\u00eda General del Estado -a trav\u00e9s de la Vicefiscal\u00eda Regional de la Costa- inici\u00f3 la indagatoria correspondiente que permitieron presentar al imputado Edgar F. R. ante el Juez de la causa, quien despu\u00e9s de evaluar las pruebas del caso determin\u00f3 dictar sentencia condenatoria de 33 a\u00f1os de prisi\u00f3n por el delito de tentativa de feminicidio agravado, adem\u00e1s del pago de reparaci\u00f3n del da\u00f1o.<\/p>\n\n\n\n<p>OTRO FALLO<\/p>\n\n\n\n<p>En otro caso, las labores de investigaci\u00f3n especializada en delitos de alto impacto que realiza la Fiscal\u00eda General del Estado de Oaxaca (FGEO) dieron como resultado la obtenci\u00f3n de una fallo condenatorio en contra de una persona del sexo masculino identificada como Jos\u00e9. M.C.S., alias \u00abEl Cabe\u00bb, por su responsabilidad en la comisi\u00f3n de los delitos de Homicidio Calificado con Ventaja y Lesiones Calificadas con Ventaja en agravio de dos personas, en hechos ocurridos en la regi\u00f3n de la Mixteca.&nbsp;<\/p>\n\n\n\n<p>De acuerdo al expediente penal, los hechos ocurrieron el 19 de abril de 2023, cuando las v\u00edctimas identificadas como D.S.C., y B.A.P.R., la primera del sexo femenino y el segundo masculino, se encontraban en el interior de unas canchas de basquetbol de la colonia La Merced del municipio de Huajuapan de Le\u00f3n, lugar hasta donde lleg\u00f3 Jos\u00e9 M. C. S., alias \u00abEl Cabe\u00bb, junto con otras personas para atacar con disparos de armas de fuego a las dos personas, privando de la vida a una de ellas y dejando con severas lesiones a la otra.<\/p>\n\n\n\n<p>Ante tal situaci\u00f3n y tras la denuncia interpuesta ante la FGEO, se iniciaron los trabajos de investigaci\u00f3n a cargo de la Fiscal\u00eda Especializada para la Atenci\u00f3n a Delitos de Alto Impacto logrando una orden de aprehensi\u00f3n contra el imputado para presentarlo ante el juez que lo requiri\u00f3.<\/p>\n\n\n\n<p>Luego de evaluar los datos de prueba aportados por la Fiscal\u00eda, derivado de la audiencia de fallo deliberatorio, el Tribunal de Enjuiciamiento dict\u00f3 fallo condenatorio contra el imputado Jos\u00e9. M.C.S., alias \u00abEl Cabe\u00bb, por los delitos de Homicidio Calificado con Ventaja y Lesiones Calificadas con Ventaja, dando un plazo de tiempo para la lectura de la pena.<\/p>\n","protected":false},"excerpt":{"rendered":"<p>Redacci\u00f3n\/Zona Roja. Oaxaca de Ju\u00e1rez, Oax., a 7 de julio de 2024.- La Fiscal\u00eda General&hellip;<\/p>\n","protected":false},"author":2,"featured_media":69371,"comment_status":"closed","ping_status":"open","sticky":false,"template":"","format":"standard","meta":{"_lmt_disableupdate":"","_lmt_disable":"","_jetpack_memberships_contains_paid_content":false,"footnotes":""},"categories":[109,46],"tags":[494],"class_list":["post-70119","post","type-post","status-publish","format-standard","has-post-thumbnail","hentry","category-minuto-a-minuto","category-zona-blanca","tag-fiscalia-general-del-estado-de-oaxaca"],"jetpack_featured_media_url":"https:\/\/zonaroja.com.mx\/wp-content\/uploads\/2024\/06\/Estado-de-derecho-juez-sentencia.webp","jetpack_sharing_enabled":true,"_links":{"self":[{"href":"https:\/\/zonaroja.com.mx\/index.php?rest_route=\/wp\/v2\/posts\/70119","targetHints":{"allow":["GET"]}}],"collection":[{"href":"https:\/\/zonaroja.com.mx\/index.php?rest_route=\/wp\/v2\/posts"}],"about":[{"href":"https:\/\/zonaroja.com.mx\/index.php?rest_route=\/wp\/v2\/types\/post"}],"author":[{"embeddable":true,"href":"https:\/\/zonaroja.com.mx\/index.php?rest_route=\/wp\/v2\/users\/2"}],"replies":[{"embeddable":true,"href":"https:\/\/zonaroja.com.mx\/index.php?rest_route=%2Fwp%2Fv2%2Fcomments&post=70119"}],"version-history":[{"count":2,"href":"https:\/\/zonaroja.com.mx\/index.php?rest_route=\/wp\/v2\/posts\/70119\/revisions"}],"predecessor-version":[{"id":70145,"href":"https:\/\/zonaroja.com.mx\/index.php?rest_route=\/wp\/v2\/posts\/70119\/revisions\/70145"}],"wp:featuredmedia":[{"embeddable":true,"href":"https:\/\/zonaroja.com.mx\/index.php?rest_route=\/wp\/v2\/media\/69371"}],"wp:attachment":[{"href":"https:\/\/zonaroja.com.mx\/index.php?rest_route=%2Fwp%2Fv2%2Fmedia&parent=70119"}],"wp:term":[{"taxonomy":"category","embeddable":true,"href":"https:\/\/zonaroja.com.mx\/index.php?rest_route=%2Fwp%2Fv2%2Fcategories&post=70119"},{"taxonomy":"post_tag","embeddable":true,"href":"https:\/\/zonaroja.com.mx\/index.php?rest_route=%2Fwp%2Fv2%2Ftags&post=70119"}],"curies":[{"name":"wp","href":"https:\/\/api.w.org\/{rel}","templated":true}]}}