{"id":70121,"date":"2024-07-06T11:49:00","date_gmt":"2024-07-06T17:49:00","guid":{"rendered":"https:\/\/zonaroja.com.mx\/?p=70121"},"modified":"2024-07-06T08:00:50","modified_gmt":"2024-07-06T14:00:50","slug":"anuncian-la-guelaguetza-en-la-vida-cotidiana-en-oaxaca","status":"publish","type":"post","link":"https:\/\/zonaroja.com.mx\/?p=70121","title":{"rendered":"Anuncian la \u201cGuelaguetza en la vida cotidiana\u201d en Oaxaca"},"content":{"rendered":"\n<p>Redacci\u00f3n\/Zona Roja.<\/p>\n\n\n\n<p>Oaxaca de Ju\u00e1rez, Oax., a 6 de julio de 2024.- \u201cEstamos a muy pocos d\u00edas de la festividad de la Guelaguetza en Oaxaca, \u00bfpero que es la verdadera Guelaguetza para los oaxaque\u00f1os?\u201d, pregunta el Espacio Estatal del Ma\u00edz Nativo de Oaxaca.<\/p>\n\n\n\n<p>Para las organizaciones y comunidades participantes en este espacio, la Guelaguetza \u201ces una fiesta s\u00ed, pero no solo se vive cada a\u00f1o en el mes de Julio. La Guelaguetza se vive diariamente en las comunidades, a trav\u00e9s de la ayuda mutua y el intercambio, que es el sentir de hombres y mujeres de los distintos pueblos de Oaxaca.\u201d<\/p>\n\n\n\n<p>\u201cLa Guelaguetza no se reduce solo al baile, la m\u00fasica y la vestimenta, es trabajo, lengua, cultura, organizaci\u00f3n, tierra, territorio, siembra, espiritualidad, ayuda mutua, solidaridad, intercambio, defensa de la vida, un todo comunitario\u201d.<\/p>\n\n\n\n<p>El Espacio Estatal del Ma\u00edz Nativo de Oaxaca invita a varias actividades que estar\u00e1 realizando como parte de \u201cLa Guelaguetza en la vida cotidiana\u201d entre el 15 y el 20 de julio, muy pronto estar\u00e1 compartiendo el programa.<\/p>\n\n\n\n<p>El Espacio es un grupo de organizaciones que trabaja en defensa del ma\u00edz nativo en Oaxaca, algunas vienen realizando esfuerzos de defensa desde el a\u00f1o 2001 cuando se descubre la contaminaci\u00f3n transg\u00e9nica en Oaxaca en coordinaci\u00f3n con la Red Nacional en Defensa del Ma\u00edz, otras se han sumado a lo largo del camino.\u00a0<\/p>\n\n\n\n<p>A la fecha han trabajado en varias acciones, como la denuncia realizada en&nbsp; 2011 sobre dos iniciativas de ley para Oaxaca que dec\u00edan \u201cproteger al ma\u00edz\u201d, tambi\u00e9n realizamos el Primer Encuentro Estatal en Defensa del Ma\u00edz Nativo de Oaxaca en marzo de 2012, es en este \u00faltimo evento donde surge este gran proyecto que denominamos \u201cEl Espacio Estatal en Defensa del Ma\u00edz Nativo de Oaxaca\u201d.<\/p>\n\n\n\n<p>Actualmente el espacio est\u00e1 integrado por m\u00e1s de 25 organizaciones, comunidades, instituciones educativas, activistas independientes y sociedad civil en un movimiento m\u00e1s amplio de defensa del ma\u00edz en Oaxaca.&nbsp;<\/p>\n\n\n\n<p>Realizan diversas actividades, talleres de capacitaci\u00f3n y an\u00e1lisis, talleres y pl\u00e1ticas informativas a comunidades interesadas en saber m\u00e1s de los transg\u00e9nicos y los da\u00f1os que ocasiona.&nbsp;<\/p>\n\n\n\n<p>Tambi\u00e9n inici\u00f3 una campa\u00f1a de brigadeo sobre lo que son los transg\u00e9nicos y los impactos que causan a la salud, el ambiente y la cultura de los pueblos.<\/p>\n","protected":false},"excerpt":{"rendered":"<p>Redacci\u00f3n\/Zona Roja. Oaxaca de Ju\u00e1rez, Oax., a 6 de julio de 2024.- \u201cEstamos a muy&hellip;<\/p>\n","protected":false},"author":2,"featured_media":70122,"comment_status":"closed","ping_status":"open","sticky":false,"template":"","format":"standard","meta":{"_lmt_disableupdate":"","_lmt_disable":"","_jetpack_memberships_contains_paid_content":false,"footnotes":""},"categories":[109,46],"tags":[3990],"class_list":["post-70121","post","type-post","status-publish","format-standard","has-post-thumbnail","hentry","category-minuto-a-minuto","category-zona-blanca","tag-espacio-estatal-del-maiz-nativo"],"jetpack_featured_media_url":"https:\/\/zonaroja.com.mx\/wp-content\/uploads\/2024\/07\/Guelaguetza-de-la-vida-cotidiana-Espacio-maiz.jpg","jetpack_sharing_enabled":true,"_links":{"self":[{"href":"https:\/\/zonaroja.com.mx\/index.php?rest_route=\/wp\/v2\/posts\/70121","targetHints":{"allow":["GET"]}}],"collection":[{"href":"https:\/\/zonaroja.com.mx\/index.php?rest_route=\/wp\/v2\/posts"}],"about":[{"href":"https:\/\/zonaroja.com.mx\/index.php?rest_route=\/wp\/v2\/types\/post"}],"author":[{"embeddable":true,"href":"https:\/\/zonaroja.com.mx\/index.php?rest_route=\/wp\/v2\/users\/2"}],"replies":[{"embeddable":true,"href":"https:\/\/zonaroja.com.mx\/index.php?rest_route=%2Fwp%2Fv2%2Fcomments&post=70121"}],"version-history":[{"count":1,"href":"https:\/\/zonaroja.com.mx\/index.php?rest_route=\/wp\/v2\/posts\/70121\/revisions"}],"predecessor-version":[{"id":70123,"href":"https:\/\/zonaroja.com.mx\/index.php?rest_route=\/wp\/v2\/posts\/70121\/revisions\/70123"}],"wp:featuredmedia":[{"embeddable":true,"href":"https:\/\/zonaroja.com.mx\/index.php?rest_route=\/wp\/v2\/media\/70122"}],"wp:attachment":[{"href":"https:\/\/zonaroja.com.mx\/index.php?rest_route=%2Fwp%2Fv2%2Fmedia&parent=70121"}],"wp:term":[{"taxonomy":"category","embeddable":true,"href":"https:\/\/zonaroja.com.mx\/index.php?rest_route=%2Fwp%2Fv2%2Fcategories&post=70121"},{"taxonomy":"post_tag","embeddable":true,"href":"https:\/\/zonaroja.com.mx\/index.php?rest_route=%2Fwp%2Fv2%2Ftags&post=70121"}],"curies":[{"name":"wp","href":"https:\/\/api.w.org\/{rel}","templated":true}]}}