{"id":70127,"date":"2024-07-06T07:56:05","date_gmt":"2024-07-06T13:56:05","guid":{"rendered":"https:\/\/zonaroja.com.mx\/?p=70127"},"modified":"2024-07-06T07:56:07","modified_gmt":"2024-07-06T13:56:07","slug":"alcaldesa-de-zapotitlan-palmas-fue-victima-de-violencia-politica-en-razon-de-genero","status":"publish","type":"post","link":"https:\/\/zonaroja.com.mx\/?p=70127","title":{"rendered":"Alcaldesa de Zapotitl\u00e1n Palmas fue v\u00edctima de violencia pol\u00edtica en raz\u00f3n de g\u00e9nero"},"content":{"rendered":"\n<p>Redacci\u00f3n\/Zona Roja.<\/p>\n\n\n\n<p>Oaxaca de Ju\u00e1rez, Oax., a 6 de julio de 2024.- El Tribunal Electoral del Estado de Oaxaca (TEEO) acredit\u00f3 la violencia pol\u00edtica en raz\u00f3n de g\u00e9nero cometida por el s\u00edndico municipal y el regidor de Hacienda del ayuntamiento de Zapotitl\u00e1n Palmas, en contra la presidenta municipal y la regidora de Salud de esa localidad.<\/p>\n\n\n\n<p>En la resoluci\u00f3n del Procedimiento Especial Sancionador con clave: PES\/03\/2024, se\u00f1al\u00f3 que las conductas infractoras se realizaron en el desarrollo de una asamblea general comunitaria, en la cual se les agredi\u00f3 verbalmente, se da\u00f1\u00f3 la fama p\u00fablica y el ejercicio de funciones de las actoras, sin que los denunciados aportaran pruebas.<\/p>\n\n\n\n<p>El \u00f3rgano jurisdiccional expuso que estas acciones afectaron el derecho de la presidenta municipal y de la regidora de salud, de ejercer sus cargos libres de violencia, ya que mediante injurias se afect\u00f3 su fama p\u00fablica, lo que trascendi\u00f3 hac\u00eda la comunidad, pues sin que hubiera sido convocada la asamblea para ello, se hicieron acusaciones directas en contra de las quejosas.<\/p>\n\n\n\n<p>Esta sentencia aclara que, si bien es cierto, al ejercer un cargo de elecci\u00f3n popular, las personas se encuentran sujetas al debate p\u00fablico, as\u00ed como a criticas hac\u00eda su administraci\u00f3n, lo cierto es que las agresiones contra las actoras no fueron derivadas de una expresi\u00f3n ciudadana, sino de una autoridad del Cabildo, que en el caso del s\u00edndico municipales cuenta con la representaci\u00f3n legal del municipio.<\/p>\n\n\n\n<p>Refiere, adem\u00e1s, que esta es la primera vez que Zapotitl\u00e1n Palmas es gobernada por una mujer, cuyo suplente es un hombre.<\/p>\n","protected":false},"excerpt":{"rendered":"<p>Redacci\u00f3n\/Zona Roja. Oaxaca de Ju\u00e1rez, Oax., a 6 de julio de 2024.- El Tribunal Electoral&hellip;<\/p>\n","protected":false},"author":2,"featured_media":70129,"comment_status":"closed","ping_status":"open","sticky":false,"template":"","format":"standard","meta":{"_lmt_disableupdate":"","_lmt_disable":"","_jetpack_memberships_contains_paid_content":false,"footnotes":""},"categories":[109,47],"tags":[3294],"class_list":["post-70127","post","type-post","status-publish","format-standard","has-post-thumbnail","hentry","category-minuto-a-minuto","category-zona-gris","tag-zapotitlan-palmas"],"jetpack_featured_media_url":"https:\/\/zonaroja.com.mx\/wp-content\/uploads\/2024\/07\/Presidenta-Zapotitlan-Palma.webp","jetpack_sharing_enabled":true,"_links":{"self":[{"href":"https:\/\/zonaroja.com.mx\/index.php?rest_route=\/wp\/v2\/posts\/70127","targetHints":{"allow":["GET"]}}],"collection":[{"href":"https:\/\/zonaroja.com.mx\/index.php?rest_route=\/wp\/v2\/posts"}],"about":[{"href":"https:\/\/zonaroja.com.mx\/index.php?rest_route=\/wp\/v2\/types\/post"}],"author":[{"embeddable":true,"href":"https:\/\/zonaroja.com.mx\/index.php?rest_route=\/wp\/v2\/users\/2"}],"replies":[{"embeddable":true,"href":"https:\/\/zonaroja.com.mx\/index.php?rest_route=%2Fwp%2Fv2%2Fcomments&post=70127"}],"version-history":[{"count":1,"href":"https:\/\/zonaroja.com.mx\/index.php?rest_route=\/wp\/v2\/posts\/70127\/revisions"}],"predecessor-version":[{"id":70130,"href":"https:\/\/zonaroja.com.mx\/index.php?rest_route=\/wp\/v2\/posts\/70127\/revisions\/70130"}],"wp:featuredmedia":[{"embeddable":true,"href":"https:\/\/zonaroja.com.mx\/index.php?rest_route=\/wp\/v2\/media\/70129"}],"wp:attachment":[{"href":"https:\/\/zonaroja.com.mx\/index.php?rest_route=%2Fwp%2Fv2%2Fmedia&parent=70127"}],"wp:term":[{"taxonomy":"category","embeddable":true,"href":"https:\/\/zonaroja.com.mx\/index.php?rest_route=%2Fwp%2Fv2%2Fcategories&post=70127"},{"taxonomy":"post_tag","embeddable":true,"href":"https:\/\/zonaroja.com.mx\/index.php?rest_route=%2Fwp%2Fv2%2Ftags&post=70127"}],"curies":[{"name":"wp","href":"https:\/\/api.w.org\/{rel}","templated":true}]}}