{"id":70131,"date":"2024-07-06T12:56:00","date_gmt":"2024-07-06T18:56:00","guid":{"rendered":"https:\/\/zonaroja.com.mx\/?p=70131"},"modified":"2024-07-06T07:58:11","modified_gmt":"2024-07-06T13:58:11","slug":"reconoce-el-congreso-a-participantes-del-taller-de-lengua-de-senas-mexicana","status":"publish","type":"post","link":"https:\/\/zonaroja.com.mx\/?p=70131","title":{"rendered":"Reconoce el Congreso a participantes del taller de Lengua de Se\u00f1as Mexicana"},"content":{"rendered":"\n<p>Redacci\u00f3n\/Zona Roja.&nbsp;<\/p>\n\n\n\n<p>Oaxaca de Ju\u00e1rez, Oax., 6 de julio de 2024.- En sesi\u00f3n ordinaria reciente, el pleno de la 65 Legislatura local entreg\u00f3 reconocimientos a las y los participantes del taller de Lengua de Se\u00f1as Mexicana, mismo que fue organizado por la Junta de Coordinaci\u00f3n Pol\u00edtica (Jucopo) en conjunto con la Direcci\u00f3n de Comunicaci\u00f3n Social del Congreso de Oaxaca.<\/p>\n\n\n\n<p>Este taller se realiz\u00f3 con el prop\u00f3sito de que las trabajadoras y los trabajadores del Poder Legislativo est\u00e9n preparados para brindar una atenci\u00f3n incluyente a las personas sordas que visiten el Congreso de Oaxaca, asimismo el curso estuvo dirigido a la ciudadan\u00eda para ayudar a que la poblaci\u00f3n pueda tener una mejor comunicaci\u00f3n con este sector de la sociedad.&nbsp;<\/p>\n\n\n\n<p>En su intervenci\u00f3n, la presidenta de la Comisi\u00f3n Permanente de Grupos en Situaci\u00f3n de Vulnerabilidad, X\u00f3chitl Jazm\u00edn Vel\u00e1zquez V\u00e1squez, agradeci\u00f3 el apoyo de los instructores de este taller, David Ram\u00edrez Jim\u00e9nez, \u00c9rick Alejandro Blas Alonso y Laura Patricia Espinoza L\u00f3pez, para impartir los cursos y ayudar en la sensibilizaci\u00f3n en las y los asistentes para darle un trato adecuado a las personas sordas.<\/p>\n\n\n\n<p>\u00abEspero que lo aprendido contribuya a disminuir toda esta brecha de desigualdad que existe con las personas sordas, que seamos una sociedad sensible, porque hace falta mucho en tema de educaci\u00f3n para que las personas sordas verdaderamente puedan ser incluidas\u00bb, expres\u00f3.<\/p>\n\n\n\n<p>TOMAR CONCIENCIA&nbsp;<\/p>\n\n\n\n<p>Por su parte, el presidente de la Junta de Coordinaci\u00f3n Pol\u00edtica (JUCOPO), Sergio L\u00f3pez S\u00e1nchez, llam\u00f3 a tomar conciencia sobre la importancia de aprender a comunicarnos con las personas sordas en su idioma, y garantizar su inclusi\u00f3n en la sociedad.&nbsp;<\/p>\n\n\n\n<p>\u201cDebemos tomar conciencia de la importancia de aprender a comunicarnos con las personas sordas, y que nosotros nos adaptemos a ellas. Reflexionar sobre la fortuna que es tener una persona sorda, y hag\u00e1mosla parte de nuestras vidas cuando visiten el Congreso de Oaxaca, cuando las encontremos en la calle, o incluso, en nuestro hogar\u201d, expres\u00f3 en tribuna.&nbsp;<\/p>\n\n\n\n<p>\u201cHagamos realidad que, en este Honorable Congreso de Oaxaca, todo el personal est\u00e9 preparado para recibir, atender y comunicarse correctamente con las personas sordas, en su idioma\u201d, a\u00f1adi\u00f3.<\/p>\n\n\n\n<p>Con esta acci\u00f3n, se reconoce la participaci\u00f3n de las y los trabajadores del Poder Legislativo a este taller, el cual cont\u00f3 con cuatro sesiones de dos horas, que se realizaron los martes desde el 11 de junio al 2 de julio de este a\u00f1o.<\/p>\n","protected":false},"excerpt":{"rendered":"<p>Redacci\u00f3n\/Zona Roja.&nbsp; Oaxaca de Ju\u00e1rez, Oax., 6 de julio de 2024.- En sesi\u00f3n ordinaria reciente,&hellip;<\/p>\n","protected":false},"author":2,"featured_media":70132,"comment_status":"closed","ping_status":"open","sticky":false,"template":"","format":"standard","meta":{"_lmt_disableupdate":"","_lmt_disable":"","_jetpack_memberships_contains_paid_content":false,"footnotes":""},"categories":[109,46],"tags":[2743],"class_list":["post-70131","post","type-post","status-publish","format-standard","has-post-thumbnail","hentry","category-minuto-a-minuto","category-zona-blanca","tag-65-legislatura-del-estado-de-oaxaca"],"jetpack_featured_media_url":"https:\/\/zonaroja.com.mx\/wp-content\/uploads\/2024\/07\/Reconoce-Congreso-a-participantes-del-taller-de-Lengua-de-Senas-Mexicana_1.jpg","jetpack_sharing_enabled":true,"_links":{"self":[{"href":"https:\/\/zonaroja.com.mx\/index.php?rest_route=\/wp\/v2\/posts\/70131","targetHints":{"allow":["GET"]}}],"collection":[{"href":"https:\/\/zonaroja.com.mx\/index.php?rest_route=\/wp\/v2\/posts"}],"about":[{"href":"https:\/\/zonaroja.com.mx\/index.php?rest_route=\/wp\/v2\/types\/post"}],"author":[{"embeddable":true,"href":"https:\/\/zonaroja.com.mx\/index.php?rest_route=\/wp\/v2\/users\/2"}],"replies":[{"embeddable":true,"href":"https:\/\/zonaroja.com.mx\/index.php?rest_route=%2Fwp%2Fv2%2Fcomments&post=70131"}],"version-history":[{"count":1,"href":"https:\/\/zonaroja.com.mx\/index.php?rest_route=\/wp\/v2\/posts\/70131\/revisions"}],"predecessor-version":[{"id":70133,"href":"https:\/\/zonaroja.com.mx\/index.php?rest_route=\/wp\/v2\/posts\/70131\/revisions\/70133"}],"wp:featuredmedia":[{"embeddable":true,"href":"https:\/\/zonaroja.com.mx\/index.php?rest_route=\/wp\/v2\/media\/70132"}],"wp:attachment":[{"href":"https:\/\/zonaroja.com.mx\/index.php?rest_route=%2Fwp%2Fv2%2Fmedia&parent=70131"}],"wp:term":[{"taxonomy":"category","embeddable":true,"href":"https:\/\/zonaroja.com.mx\/index.php?rest_route=%2Fwp%2Fv2%2Fcategories&post=70131"},{"taxonomy":"post_tag","embeddable":true,"href":"https:\/\/zonaroja.com.mx\/index.php?rest_route=%2Fwp%2Fv2%2Ftags&post=70131"}],"curies":[{"name":"wp","href":"https:\/\/api.w.org\/{rel}","templated":true}]}}