{"id":70137,"date":"2024-07-06T14:01:00","date_gmt":"2024-07-06T20:01:00","guid":{"rendered":"https:\/\/zonaroja.com.mx\/?p=70137"},"modified":"2024-07-06T08:05:12","modified_gmt":"2024-07-06T14:05:12","slug":"recriminan-las-ong-bloqueo-informativo-y-agresiones-a-periodista-en-la-mananera","status":"publish","type":"post","link":"https:\/\/zonaroja.com.mx\/?p=70137","title":{"rendered":"Recriminan las ONG bloqueo informativo y agresiones a periodista en la \u201cma\u00f1anera\u201d"},"content":{"rendered":"\n<p>Redacci\u00f3n\/Zona Roja Cdmx.<\/p>\n\n\n\n<p>Ciudad de M\u00e9xico, a 6 de julio de 2024.- La organizaci\u00f3n Art\u00edculo 19, el Comit\u00e9 de Protecci\u00f3n a Periodistas CPJ, Reporteros Sin Fronteras RSF, Comunicaci\u00f3n e Informaci\u00f3n de la Mujer A.C. (CIMAC) y Propuesta C\u00edvica, condenaron el bloqueo informativo por representantes del Ejecutivo federal durante las conferencias matutinas de \u00e9ste, as\u00ed como por agresiones digitales por particulares, en contra de Reyna Hayd\u00e9e Ram\u00edrez Hern\u00e1ndez, periodista independiente.<\/p>\n\n\n\n<p>En la&nbsp;conferencia matutina del 28 de junio,&nbsp;Reyna Hayd\u00e9e particip\u00f3 en la \u201cma\u00f1anera\u201d del Ejecutivo federal, en donde realiz\u00f3 diversas preguntas al presidente Andr\u00e9s Manuel L\u00f3pez Obrador. A lo largo de la sesi\u00f3n tuvo lugar una amplia discusi\u00f3n y cuestionamientos entre la periodista y el presidente.<\/p>\n\n\n\n<p>El lunes 1 de julio, personal del Palacio Nacional&nbsp;le neg\u00f3 la entrada&nbsp;a Reyna Hayd\u00e9e. En entrevista con Art\u00edculo 19, la periodista relat\u00f3 que cuando intent\u00f3 ingresar al recinto, la persona encargada de dar acceso le dijo que no \u201cno pod\u00eda pasar\u201d.&nbsp;<\/p>\n\n\n\n<p>Al preguntar la raz\u00f3n de la negativa, le respondi\u00f3 \u201cesas instrucciones me dieron\u201d.&nbsp;<\/p>\n\n\n\n<p>Momentos despu\u00e9s, Reyna se comunic\u00f3 v\u00eda WhatsApp con Jes\u00fas Ram\u00edrez Cuevas, vocero del Gobierno de la Rep\u00fablica, para se\u00f1alar la situaci\u00f3n, quien le respondi\u00f3 que le negaba el acceso porque \u201cviolaste el reglamento por mucho\u201d, sin especificar la reglamentaci\u00f3n ni la duraci\u00f3n de la \u201csuspensi\u00f3n\u201d.&nbsp;<\/p>\n\n\n\n<p>Cabe resaltar que este hecho tom\u00f3 lugar sin previo aviso a la periodista.<\/p>\n\n\n\n<p>Como respuesta a los cuestionamientos de la periodista, desde ese mismo d\u00eda sus redes sociales se llenaron de mensajes intimidatorios deslegitimando la labor period\u00edstica de Reyna, llam\u00e1ndola \u201cchayotera\u201d, \u201cvendida\u201d, entre otras.&nbsp;<\/p>\n\n\n\n<p>Las organizaciones firmantes pudieron documentar que m\u00faltiples de estas comunicaciones tienen una connotaci\u00f3n de g\u00e9nero, haciendo alusiones a su supuesto rol como mujer, e inclusive contienen mensajes discriminatorios.<\/p>\n\n\n\n<p>Por lo anterior, Art\u00edculo 19, el CPJ, CIMAC, RSF, y Propuesta C\u00edvica&nbsp;reitera la importancia de que la sociedad tenga acceso a informaci\u00f3n plural y diversa, as\u00ed mismo exige:&nbsp;<\/p>\n\n\n\n<p>A la Oficina de la Presidencia de la Rep\u00fablica, abstenerse de emitir discursos estigmatizantes en contra de la periodista Reyna Hayde\u00e9 Ram\u00edrez Hern\u00e1ndez y la prensa en general, as\u00ed como garantizar espacios seguros y libres de violencia para el gremio, particularmente para las mujeres periodistas, y para el ejercicio pleno de la libertad de expresi\u00f3n y el derecho de acceso a la informaci\u00f3n.<\/p>\n","protected":false},"excerpt":{"rendered":"<p>Redacci\u00f3n\/Zona Roja Cdmx. Ciudad de M\u00e9xico, a 6 de julio de 2024.- La organizaci\u00f3n Art\u00edculo&hellip;<\/p>\n","protected":false},"author":2,"featured_media":70138,"comment_status":"closed","ping_status":"open","sticky":false,"template":"","format":"standard","meta":{"_lmt_disableupdate":"","_lmt_disable":"","_jetpack_memberships_contains_paid_content":false,"footnotes":""},"categories":[109,47],"tags":[3554,3991],"class_list":["post-70137","post","type-post","status-publish","format-standard","has-post-thumbnail","hentry","category-minuto-a-minuto","category-zona-gris","tag-agresion-a-periodistas-en-mexico","tag-reyna-haydee-ramirez"],"jetpack_featured_media_url":"https:\/\/zonaroja.com.mx\/wp-content\/uploads\/2024\/07\/Reyna-Haydee-Ramirez.jpeg","jetpack_sharing_enabled":true,"_links":{"self":[{"href":"https:\/\/zonaroja.com.mx\/index.php?rest_route=\/wp\/v2\/posts\/70137","targetHints":{"allow":["GET"]}}],"collection":[{"href":"https:\/\/zonaroja.com.mx\/index.php?rest_route=\/wp\/v2\/posts"}],"about":[{"href":"https:\/\/zonaroja.com.mx\/index.php?rest_route=\/wp\/v2\/types\/post"}],"author":[{"embeddable":true,"href":"https:\/\/zonaroja.com.mx\/index.php?rest_route=\/wp\/v2\/users\/2"}],"replies":[{"embeddable":true,"href":"https:\/\/zonaroja.com.mx\/index.php?rest_route=%2Fwp%2Fv2%2Fcomments&post=70137"}],"version-history":[{"count":1,"href":"https:\/\/zonaroja.com.mx\/index.php?rest_route=\/wp\/v2\/posts\/70137\/revisions"}],"predecessor-version":[{"id":70139,"href":"https:\/\/zonaroja.com.mx\/index.php?rest_route=\/wp\/v2\/posts\/70137\/revisions\/70139"}],"wp:featuredmedia":[{"embeddable":true,"href":"https:\/\/zonaroja.com.mx\/index.php?rest_route=\/wp\/v2\/media\/70138"}],"wp:attachment":[{"href":"https:\/\/zonaroja.com.mx\/index.php?rest_route=%2Fwp%2Fv2%2Fmedia&parent=70137"}],"wp:term":[{"taxonomy":"category","embeddable":true,"href":"https:\/\/zonaroja.com.mx\/index.php?rest_route=%2Fwp%2Fv2%2Fcategories&post=70137"},{"taxonomy":"post_tag","embeddable":true,"href":"https:\/\/zonaroja.com.mx\/index.php?rest_route=%2Fwp%2Fv2%2Ftags&post=70137"}],"curies":[{"name":"wp","href":"https:\/\/api.w.org\/{rel}","templated":true}]}}