{"id":70146,"date":"2024-07-07T06:58:30","date_gmt":"2024-07-07T12:58:30","guid":{"rendered":"https:\/\/zonaroja.com.mx\/?p=70146"},"modified":"2024-07-07T06:58:32","modified_gmt":"2024-07-07T12:58:32","slug":"indagan-caso-de-baleado-en-xoxocotlan-al-intentar-huir-de-operativo","status":"publish","type":"post","link":"https:\/\/zonaroja.com.mx\/?p=70146","title":{"rendered":"Indagan caso de baleado en Xoxocotl\u00e1n, al intentar huir de operativo"},"content":{"rendered":"\n<p>Raymundo Morales\/Zona Roja.<\/p>\n\n\n\n<p>Oaxaca de Ju\u00e1rez, Oax., a 7 de julio de 2024.- Por separado, la Fiscal\u00eda General del Estado de Oaxaca y el ayuntamiento de Santa Cruz Xoxocotl\u00e1n confirmaron que una persona baleada el pasado viernes, tras huir de un operativo, no perdi\u00f3 la vida, sino que convalece en un hospital.<\/p>\n\n\n\n<p>En un comunicado, la Fiscal\u00eda dio a conocer que inici\u00f3 las investigaciones correspondientes luego del incidente de tr\u00e1nsito que deriv\u00f3 en una persecuci\u00f3n, disparos de arma de fuego y una persona lesionada.<\/p>\n\n\n\n<p>Los hechos ocurrieron la tarde del 5 de julio de 2024, en inmediaciones de Xoxocotl\u00e1n, por un incidente vial. \u201cCuando lleg\u00f3 la polic\u00eda municipal al lugar, uno de los involucrados trat\u00f3 de evadir su responsabilidad y huy\u00f3 del sitio.<\/p>\n\n\n\n<p>\u201cAnte la situaci\u00f3n, polic\u00edas municipales dieron seguimiento a esta persona, hechos durante los cuales se accionaron armas de fuego, como resultado, sobre el bulevar Guadalupe Hinojosa de la Colonia Juquilita, le dieron alcance a la persona que conduc\u00eda el autom\u00f3vil que trat\u00f3 de huir, quien result\u00f3 lesionado por un disparo, por lo cual fue trasladado a un hospital en el que permanece internado recibiendo atenci\u00f3n m\u00e9dica.<\/p>\n\n\n\n<p>\u201cEn tanto, la Fiscal\u00eda General del Estado de Oaxaca tom\u00f3 conocimiento de los hechos y despleg\u00f3 a un equipo multidisciplinario que realiz\u00f3 las primeras diligencias, adem\u00e1s que se abri\u00f3 la carpeta de investigaci\u00f3n correspondiente para establecer el grado de responsabilidad de ambas partes\u201d, detall\u00f3.<\/p>\n\n\n\n<p>COADYUVA AYUNTAMIENTO<\/p>\n\n\n\n<p>Por su parte, el gobierno municipal de Santa Cruz Xoxocotl\u00e1n, a trav\u00e9s de la Comisi\u00f3n de Seguridad P\u00fablica del Gobierno Municipal, inform\u00f3 que da seguimiento puntual a los hechos y sus consecuencias.<\/p>\n\n\n\n<p>Detall\u00f3 que por la tarde del viernes se recibi\u00f3 una llamada en la que se report\u00f3 un accidente suscitado en el bulevar Guadalupe Hinojosa, a la altura de la taquer\u00eda \u201cTres Leones\u201d.<\/p>\n\n\n\n<p>En el lugar se registr\u00f3 un choque entre una camioneta y un Tsuru, al que arrib\u00f3 una motopatrulla de la corporaci\u00f3n y en el momento en que quiso intervenir el elemento a cargo, el conductor del Tsuru, quien viajaba en completo estado de ebriedad, le avent\u00f3 el veh\u00edculo y se dio a la fuga.<\/p>\n\n\n\n<p>Por varios minutos se efectu\u00f3 una persecuci\u00f3n que recorri\u00f3 el Camino Antig\u00fco a San Bartolo Coyotepec, camino al Tequio, y culmin\u00f3 en el crucero a la Colonia Juquilita.<\/p>\n\n\n\n<p>\u201cFue en el Camino Antiguo a Coyotepec donde la unidad motorizada se le empareja y el individuo saca una arma de fuego detonando algunos disparos, al concluir su carrera los elementos se percataron de que el sujeto mostraba manchas hem\u00e1ticas\u201d, &nbsp;explicaron autoridades.<\/p>\n\n\n\n<p>De acuerdo a los informes, al interior del veh\u00edculo en persecuci\u00f3n se hall\u00f3 una arma corta presunta propiedad del sargento retirado que intent\u00f3 fugarse y eludir su responsabilidad respecto al accidente que provoc\u00f3.<\/p>\n\n\n\n<p>Al momento, no se ha recibido ninguna notificaci\u00f3n oficial respecto al supuesto deceso del individuo involucrado, por lo que se pide a la ciudadan\u00eda no prestarse a la propagaci\u00f3n de informaci\u00f3n falsa.<\/p>\n\n\n\n<p>Expuso que la autoridad que encabeza Inocente Castellanos Alejos coadyuva con la Fiscal\u00eda a fin de agilizar las investigaciones y se determine lo conducente.<\/p>\n","protected":false},"excerpt":{"rendered":"<p>Raymundo Morales\/Zona Roja. Oaxaca de Ju\u00e1rez, Oax., a 7 de julio de 2024.- Por separado,&hellip;<\/p>\n","protected":false},"author":2,"featured_media":70149,"comment_status":"closed","ping_status":"open","sticky":false,"template":"","format":"standard","meta":{"_lmt_disableupdate":"","_lmt_disable":"","_jetpack_memberships_contains_paid_content":false,"footnotes":""},"categories":[109,46],"tags":[494,133],"class_list":["post-70146","post","type-post","status-publish","format-standard","has-post-thumbnail","hentry","category-minuto-a-minuto","category-zona-blanca","tag-fiscalia-general-del-estado-de-oaxaca","tag-santa-cruz-xoxocotlan"],"jetpack_featured_media_url":"https:\/\/zonaroja.com.mx\/wp-content\/uploads\/2024\/07\/Baleado-Xoxocotlan.jpg","jetpack_sharing_enabled":true,"_links":{"self":[{"href":"https:\/\/zonaroja.com.mx\/index.php?rest_route=\/wp\/v2\/posts\/70146","targetHints":{"allow":["GET"]}}],"collection":[{"href":"https:\/\/zonaroja.com.mx\/index.php?rest_route=\/wp\/v2\/posts"}],"about":[{"href":"https:\/\/zonaroja.com.mx\/index.php?rest_route=\/wp\/v2\/types\/post"}],"author":[{"embeddable":true,"href":"https:\/\/zonaroja.com.mx\/index.php?rest_route=\/wp\/v2\/users\/2"}],"replies":[{"embeddable":true,"href":"https:\/\/zonaroja.com.mx\/index.php?rest_route=%2Fwp%2Fv2%2Fcomments&post=70146"}],"version-history":[{"count":1,"href":"https:\/\/zonaroja.com.mx\/index.php?rest_route=\/wp\/v2\/posts\/70146\/revisions"}],"predecessor-version":[{"id":70150,"href":"https:\/\/zonaroja.com.mx\/index.php?rest_route=\/wp\/v2\/posts\/70146\/revisions\/70150"}],"wp:featuredmedia":[{"embeddable":true,"href":"https:\/\/zonaroja.com.mx\/index.php?rest_route=\/wp\/v2\/media\/70149"}],"wp:attachment":[{"href":"https:\/\/zonaroja.com.mx\/index.php?rest_route=%2Fwp%2Fv2%2Fmedia&parent=70146"}],"wp:term":[{"taxonomy":"category","embeddable":true,"href":"https:\/\/zonaroja.com.mx\/index.php?rest_route=%2Fwp%2Fv2%2Fcategories&post=70146"},{"taxonomy":"post_tag","embeddable":true,"href":"https:\/\/zonaroja.com.mx\/index.php?rest_route=%2Fwp%2Fv2%2Ftags&post=70146"}],"curies":[{"name":"wp","href":"https:\/\/api.w.org\/{rel}","templated":true}]}}