{"id":70151,"date":"2024-07-07T08:58:00","date_gmt":"2024-07-07T14:58:00","guid":{"rendered":"https:\/\/zonaroja.com.mx\/?p=70151"},"modified":"2024-07-07T07:05:44","modified_gmt":"2024-07-07T13:05:44","slug":"se-une-oaxaca-de-juarez-a-jornada-de-limpieza-para-prevenir-el-dengue","status":"publish","type":"post","link":"https:\/\/zonaroja.com.mx\/?p=70151","title":{"rendered":"Se une Oaxaca de Ju\u00e1rez a jornada de limpieza para prevenir el dengue"},"content":{"rendered":"\n<p>Redacci\u00f3n\/Zona Roja.<\/p>\n\n\n\n<p>Oaxaca de Ju\u00e1rez, Oax., a 7 de julio de 2024.- Con la meta de visitar m\u00e1s 90 mil viviendas distribuidas en 18 zonas y coadyuvar en las tareas de prevenci\u00f3n de enfermedades transmitidas por vectores, alrededor de 400 colaboradores del ayuntamiento de Oaxaca de Ju\u00e1rez se capacitaron para formar parte activa del megatequio \u201cOaxaca Unida contra el Dengue\u201d, convocado por el Gobierno del Estado. &nbsp;<\/p>\n\n\n\n<p>Durante los pr\u00f3ximos 15 d\u00edas, servidores p\u00fablicos municipales debidamente uniformados realizar\u00e1n actividades en los hogares para prevenir la proliferaci\u00f3n del mosquito \u201cAedes Aegypti\u201d transmisor del dengue, entre las que se encuentran la colocaci\u00f3n de larvicida en dep\u00f3sitos de agua, as\u00ed como acciones de lavar, tapar, voltear y tirar cualquier objeto o cacharro que pueda almacenar agua y convertirse en criadero de moscos.&nbsp;<\/p>\n\n\n\n<p>Al arranque de la actividad asisti\u00f3 el presidente municipal, Francisco Mart\u00ednez Neri, y se dio a conocer que el megatequio \u201cOaxaca Unida Contra el Dengue\u00bb representa una estrategia con un enfoque participativo para combatir esta enfermedad en la capital y 24 municipios conurbados, a trav\u00e9s de la movilizaci\u00f3n comunitaria.&nbsp;<\/p>\n\n\n\n<p>De manera frontal, se busca incidir en el ciclo biol\u00f3gico del zancudo, para posteriormente realizar acciones de nebulizaci\u00f3n y con ello disminuir la transmisi\u00f3n de la enfermedad y el n\u00famero de personas enfermas.&nbsp;<\/p>\n\n\n\n<p>Mediante estas acciones participativas, el ayuntamiento de Oaxaca de Ju\u00e1rez, que encabeza Francisco Mart\u00ednez Neri, mantiene el compromiso por coadyuvar con instituciones de salud del Gobierno del Estado en la implementaci\u00f3n de acciones que beneficien la salud colectiva de las y los capitalinos.&nbsp;<\/p>\n\n\n\n<p>Entre las y los servidores p\u00fablicos estatales que asistieron al arranque del Mega Tequio Oaxaca Unida contra el Dengue se encuentran: Alma Lilia Velasco Hern\u00e1ndez, secretaria de los Servicios de Salud de Oaxaca; Farid Acevedo L\u00f3pez, secretario de Finanzas; y Fernanda Schmidt Ruiz, subsecretaria de Tequio e Inclusi\u00f3n para el Bienestar.&nbsp;<\/p>\n\n\n\n<p>Adem\u00e1s de contar con el acompa\u00f1amiento de Toribio L\u00f3pez S\u00e1nchez, director General de la Polic\u00eda Vial del Estado, Ignacio Z\u00e1rate Blas, director de Prevenci\u00f3n y Promoci\u00f3n de la Salud; Hayde Reyes Soto, diputada local y presidenta de la Comisi\u00f3n de Salud de la C\u00e1mara de Diputados, Myrna L\u00f3pez Reyes, de Promoci\u00f3n de Vectores y Abraham Yahir Alonso, administrador del Mercado Zonal de Santa Rosa.<\/p>\n\n\n\n<figure class=\"wp-block-embed is-type-rich is-provider-twitter wp-block-embed-twitter\"><div class=\"wp-block-embed__wrapper\">\n<div class=\"twitter-tweet\"><blockquote class=\"twitter-tweet\" data-lang=\"es\"><p lang=\"es\" dir=\"ltr\">El <a href=\"https:\/\/twitter.com\/MunicipioOaxaca?ref_src=twsrc%5Etfw\">@MunicipioOaxaca<\/a> en coordinaci\u00f3n con <a href=\"https:\/\/twitter.com\/GobOax?ref_src=twsrc%5Etfw\">@GobOax<\/a> iniciamos Mega Tequio Oaxaca Unida Contra el Dengue! <br><br>Hoy, con la participaci\u00f3n de <a href=\"https:\/\/twitter.com\/Alma_VelascoH?ref_src=twsrc%5Etfw\">@Alma_VelascoH<\/a>, titular de los Servicios de Salud de Oaxaca; <a href=\"https:\/\/twitter.com\/Farid_AcevedoL?ref_src=twsrc%5Etfw\">@Farid_AcevedoL<\/a>, titular de la Secretar\u00eda de Finanzas del Estado de Oaxaca; y la\u2026 <a href=\"https:\/\/t.co\/GhaLdEqreb\">pic.twitter.com\/GhaLdEqreb<\/a><\/p>&mdash; Francisco Mart\u00ednez Neri (@FMartinezNeri) <a href=\"https:\/\/twitter.com\/FMartinezNeri\/status\/1809625705002545512?ref_src=twsrc%5Etfw\">6 de julio de 2024<\/a><\/blockquote><\/div>\n<\/div><\/figure>\n","protected":false},"excerpt":{"rendered":"<p>Redacci\u00f3n\/Zona Roja. Oaxaca de Ju\u00e1rez, Oax., a 7 de julio de 2024.- Con la meta&hellip;<\/p>\n","protected":false},"author":2,"featured_media":70153,"comment_status":"closed","ping_status":"open","sticky":false,"template":"","format":"standard","meta":{"_lmt_disableupdate":"","_lmt_disable":"","_jetpack_memberships_contains_paid_content":false,"footnotes":""},"categories":[109,46],"tags":[148],"class_list":["post-70151","post","type-post","status-publish","format-standard","has-post-thumbnail","hentry","category-minuto-a-minuto","category-zona-blanca","tag-oaxaca-de-juarez"],"jetpack_featured_media_url":"https:\/\/zonaroja.com.mx\/wp-content\/uploads\/2024\/07\/Lucha-contra-el-dengue-Oaxaca.jpeg","jetpack_sharing_enabled":true,"_links":{"self":[{"href":"https:\/\/zonaroja.com.mx\/index.php?rest_route=\/wp\/v2\/posts\/70151","targetHints":{"allow":["GET"]}}],"collection":[{"href":"https:\/\/zonaroja.com.mx\/index.php?rest_route=\/wp\/v2\/posts"}],"about":[{"href":"https:\/\/zonaroja.com.mx\/index.php?rest_route=\/wp\/v2\/types\/post"}],"author":[{"embeddable":true,"href":"https:\/\/zonaroja.com.mx\/index.php?rest_route=\/wp\/v2\/users\/2"}],"replies":[{"embeddable":true,"href":"https:\/\/zonaroja.com.mx\/index.php?rest_route=%2Fwp%2Fv2%2Fcomments&post=70151"}],"version-history":[{"count":1,"href":"https:\/\/zonaroja.com.mx\/index.php?rest_route=\/wp\/v2\/posts\/70151\/revisions"}],"predecessor-version":[{"id":70154,"href":"https:\/\/zonaroja.com.mx\/index.php?rest_route=\/wp\/v2\/posts\/70151\/revisions\/70154"}],"wp:featuredmedia":[{"embeddable":true,"href":"https:\/\/zonaroja.com.mx\/index.php?rest_route=\/wp\/v2\/media\/70153"}],"wp:attachment":[{"href":"https:\/\/zonaroja.com.mx\/index.php?rest_route=%2Fwp%2Fv2%2Fmedia&parent=70151"}],"wp:term":[{"taxonomy":"category","embeddable":true,"href":"https:\/\/zonaroja.com.mx\/index.php?rest_route=%2Fwp%2Fv2%2Fcategories&post=70151"},{"taxonomy":"post_tag","embeddable":true,"href":"https:\/\/zonaroja.com.mx\/index.php?rest_route=%2Fwp%2Fv2%2Ftags&post=70151"}],"curies":[{"name":"wp","href":"https:\/\/api.w.org\/{rel}","templated":true}]}}