{"id":70155,"date":"2024-07-07T10:00:00","date_gmt":"2024-07-07T16:00:00","guid":{"rendered":"https:\/\/zonaroja.com.mx\/?p=70155"},"modified":"2024-07-07T07:10:59","modified_gmt":"2024-07-07T13:10:59","slug":"oaxaquena-gana-premio-de-fundacion-de-gabriel-garcia-marquez","status":"publish","type":"post","link":"https:\/\/zonaroja.com.mx\/?p=70155","title":{"rendered":"Oaxaque\u00f1a gana premio de fundaci\u00f3n de Gabriel Garc\u00eda M\u00e1rquez"},"content":{"rendered":"\n<p>Redacci\u00f3n\/Zona Roja Cdmx.<\/p>\n\n\n\n<p>Ciudad de M\u00e9xico, a 7 de julio de 2024.- La mexicana Nayelli L\u00f3pez Reyes se llev\u00f3 este viernes el Premio Gabo en la categor\u00eda de Audio por el podcast &#8216;Las mujeres valientes: Guj\u00ed Cha\u00e1na (mujeres que tejen)&#8217;, producido para Spotify por Oronda Studio.<\/p>\n\n\n\n<p>El jurado del premio de la Fundaci\u00f3n Gabo eligi\u00f3 esta serie sonora sobre las mujeres de la comunidad triqui en San Mart\u00edn Itunyoso, Oaxaca, porque \u00abcuenta la desgarradora historia sobre la violencia sexual bajo la que viven\u00bb.<\/p>\n\n\n\n<p>&#8216;Las mujeres valientes&#8217; se sobrepuso al podcast &#8216;Bukele: el se\u00f1or de Los sue\u00f1os&#8217;, de Radio Ambulante Estudios, y a &#8216;Violeta&#8217;, de Radio TSF (Portugal), que cuenta la historia de una mujer trans rumana.<\/p>\n\n\n\n<p>Nayelli L\u00f3pez, una tejedora perteneciente al pueblo ind\u00edgena Triqui, dedic\u00f3 en la recepci\u00f3n del premio a las mujeres de su comunidad \u00abpor querer un cambio porque vivir dentro de una comunidad no es nada f\u00e1cil\u00bb.<\/p>\n\n\n\n<p>\u00abLas historias de tus t\u00edas, abuelas, mam\u00e1s fueron el punto que me hizo cuestionar que quer\u00eda un cambio dentro de mi comunidad, de hacer un podcast de mujeres valientes d\u00e1ndoles la oportunidad de contar sus historias de primera mano\u00bb, apunt\u00f3 L\u00f3pez.<\/p>\n\n\n\n<p>El jurado de esta categor\u00eda, conformado por Jasmine Garsd (Argentina), Eugenia Cabral (Brasil) y Juan Carlos Irragorri (Colombia), asegur\u00f3 que el podcast cuenta con una \u00abexcelente narraci\u00f3n, producci\u00f3n sonora\u00bb y \u00ababarca un gran trabajo narrativo y de realizaci\u00f3n, pues se puede escuchar en espa\u00f1ol y en la lengua originaria de este pueblo \u00ab.<\/p>\n\n\n\n<p>\u00abCumple con lo que se espera de un podcast ganador del Premio Gabo al ofrecer una visi\u00f3n aut\u00e9ntica y cruda de la violencia sexual en contra de las mujeres de la comunidad ind\u00edgena, y una producci\u00f3n sonora impecable y minimalista, que lleva al lector a la intimidad de estos pueblos y familias\u00bb, apunt\u00f3 el jurado al otorgar el premio.<\/p>\n\n\n\n<p>El jurado ha evaluado en esta edici\u00f3n 2,170 trabajos publicados entre el 23 de marzo de 2023 y el 28 de febrero de 2024 y los ganadores recibir\u00e1n 35 millones de pesos colombianos (unos 8.500 d\u00f3lares), un ejemplar de la escultura Gabriel, del artista colombiano Antonio Caro, y un diploma con una ilustraci\u00f3n inspirada en el discurso \u2018La soledad de Am\u00e9rica Latina\u2019 de Gabriel Garc\u00eda M\u00e1rquez, obra del bogotano Randy Mora.&nbsp;<\/p>\n\n\n\n<p>Nayelly L\u00f3pez, de 27 a\u00f1os de edad, pertenece a la comunidad ind\u00edgena de San Mart\u00edn Itunyoso, al noroeste del estado de Oaxaca, en M\u00e9xico, y es hablante de la lengua triqui.<\/p>\n\n\n\n<p>Es una mujer orgullosa de sus tradiciones, tejedora del huipil y tambi\u00e9n tallerista.&nbsp;<\/p>\n\n\n\n<p>En 2023 lanz\u00f3 su podcast \u2018Las mujeres valientes: G\u00fci\u00ed Chan\u00e1a\u2019, un proyecto a trav\u00e9s del cual busca dar a conocer la vida de las mujeres en una comunidad rural, en un territorio muchas veces relegado.&nbsp;<\/p>\n\n\n\n<p>Actualmente trabaja en conseguir condiciones m\u00e1s justas en la producci\u00f3n de artesan\u00eda dentro de su comunidad y por promover la ense\u00f1anza y conservaci\u00f3n de su lengua materna. Sue\u00f1a con poder replicar el proyecto de su podcast en otros pueblos y darle voz a m\u00e1s mujeres ind\u00edgenas.<\/p>\n\n\n\n<p>(Informaci\u00f3n de la agencia EFE)<\/p>\n","protected":false},"excerpt":{"rendered":"<p>Redacci\u00f3n\/Zona Roja Cdmx. Ciudad de M\u00e9xico, a 7 de julio de 2024.- La mexicana Nayelli&hellip;<\/p>\n","protected":false},"author":2,"featured_media":70147,"comment_status":"closed","ping_status":"open","sticky":false,"template":"","format":"standard","meta":{"_lmt_disableupdate":"","_lmt_disable":"","_jetpack_memberships_contains_paid_content":false,"footnotes":""},"categories":[109,46],"tags":[3993,3992],"class_list":["post-70155","post","type-post","status-publish","format-standard","has-post-thumbnail","hentry","category-minuto-a-minuto","category-zona-blanca","tag-nayelli-lopez-reyes","tag-premio-gabo"],"jetpack_featured_media_url":"https:\/\/zonaroja.com.mx\/wp-content\/uploads\/2024\/07\/Premio-Gabo-triqui-Itunyoso.jpg","jetpack_sharing_enabled":true,"_links":{"self":[{"href":"https:\/\/zonaroja.com.mx\/index.php?rest_route=\/wp\/v2\/posts\/70155","targetHints":{"allow":["GET"]}}],"collection":[{"href":"https:\/\/zonaroja.com.mx\/index.php?rest_route=\/wp\/v2\/posts"}],"about":[{"href":"https:\/\/zonaroja.com.mx\/index.php?rest_route=\/wp\/v2\/types\/post"}],"author":[{"embeddable":true,"href":"https:\/\/zonaroja.com.mx\/index.php?rest_route=\/wp\/v2\/users\/2"}],"replies":[{"embeddable":true,"href":"https:\/\/zonaroja.com.mx\/index.php?rest_route=%2Fwp%2Fv2%2Fcomments&post=70155"}],"version-history":[{"count":1,"href":"https:\/\/zonaroja.com.mx\/index.php?rest_route=\/wp\/v2\/posts\/70155\/revisions"}],"predecessor-version":[{"id":70156,"href":"https:\/\/zonaroja.com.mx\/index.php?rest_route=\/wp\/v2\/posts\/70155\/revisions\/70156"}],"wp:featuredmedia":[{"embeddable":true,"href":"https:\/\/zonaroja.com.mx\/index.php?rest_route=\/wp\/v2\/media\/70147"}],"wp:attachment":[{"href":"https:\/\/zonaroja.com.mx\/index.php?rest_route=%2Fwp%2Fv2%2Fmedia&parent=70155"}],"wp:term":[{"taxonomy":"category","embeddable":true,"href":"https:\/\/zonaroja.com.mx\/index.php?rest_route=%2Fwp%2Fv2%2Fcategories&post=70155"},{"taxonomy":"post_tag","embeddable":true,"href":"https:\/\/zonaroja.com.mx\/index.php?rest_route=%2Fwp%2Fv2%2Ftags&post=70155"}],"curies":[{"name":"wp","href":"https:\/\/api.w.org\/{rel}","templated":true}]}}