{"id":7016,"date":"2019-12-26T21:37:19","date_gmt":"2019-12-27T03:37:19","guid":{"rendered":"http:\/\/www.zonaroja.com.mx\/?p=7016"},"modified":"2019-12-26T21:37:23","modified_gmt":"2019-12-27T03:37:23","slug":"aumenta-desaparicion-de-personas-en-la-cuenca-buscan-a-familia-en-tuxtepec","status":"publish","type":"post","link":"https:\/\/zonaroja.com.mx\/?p=7016","title":{"rendered":"Aumenta desaparici\u00f3n de personas en la Cuenca; buscan a familia en Tuxtepec"},"content":{"rendered":"\n<p>Evlin Arag\u00f3n\/Zona Roja. <\/p>\n\n\n\n<p>Oaxaca de Ju\u00e1rez, Oax., 26 de diciembre\nde 2019.- Adem\u00e1s de las ejecuciones, la desaparici\u00f3n de personas se ha\nincrementado en la regi\u00f3n de la Cuenca del Papaloapan.<\/p>\n\n\n\n<p>Apenas ayer por la tarde, una joven\noriginaria de San Jos\u00e9 Chiltepec, de 15 a\u00f1os de edad y de nombre Daniela\nRonquillo Santiago, fue reportada como desaparecida en San Juan Bautista\nTuxtepec. <\/p>\n\n\n\n<p>Pero no es el \u00fanico caso: Mariel\nEstefany Rodr\u00edguez Pe\u00f3n de 30 a\u00f1os de edad fue vista por \u00faltima vez el pasado\n19 de diciembre en el fraccionamiento \u201cLas Palmas\u201d perteneciente al municipio\nde Tuxtepec.<\/p>\n\n\n\n<p>La joven con ocho meses de embarazo,\ndesapareci\u00f3 en compa\u00f1\u00eda de sus dos hijos Zain Antonio y Xander Leonel, de ocho\ny cuatro a\u00f1os de edad respectivamente, lo anterior de acuerdo con sus\nfamiliares que denunciaron los hechos para iniciar la b\u00fasqueda por parte de las\nautoridades estatales.<\/p>\n\n\n\n<p>Las fichas con su descripci\u00f3n y datos personales ya se encuentran en la p\u00e1gina de la Unidad de B\u00fasqueda de Personas Desparecidas y No Localizadas de la Fiscal\u00eda General del Estado de Oaxaca.<\/p>\n\n\n\n<figure class=\"wp-block-image\"><img decoding=\"async\" width=\"511\" height=\"383\" src=\"http:\/\/www.zonaroja.com.mx\/wp-content\/uploads\/2019\/12\/Desaparecidos-Cuenca-1.jpg\" alt=\"\" class=\"wp-image-7017\" srcset=\"https:\/\/zonaroja.com.mx\/wp-content\/uploads\/2019\/12\/Desaparecidos-Cuenca-1.jpg 511w, https:\/\/zonaroja.com.mx\/wp-content\/uploads\/2019\/12\/Desaparecidos-Cuenca-1-300x225.jpg 300w\" sizes=\"(max-width: 511px) 100vw, 511px\" \/><figcaption>Daniela Ronquillo Santiago<\/figcaption><\/figure>\n\n\n\n<p>De acuerdo con la informaci\u00f3n, la\njoven, independientemente de presentar un embarazo avanzado, tiene varios\ntatuajes en el cuerpo dos en forma de flecha y una m\u00e1s de pluma que son\nvisibles en sus brazos y espalda. Los menores que la acompa\u00f1an son delgados y\nde tez clara, el m\u00e1s peque\u00f1o lleva el uniforme con el logo del Colegio\n\u201cTuxtepec\u201d.<\/p>\n\n\n\n<p>La desaparici\u00f3n de esta familia no es\nla \u00fanica en la regi\u00f3n, que es reconocida por las autoridades como un foco rojo\nen materia de seguridad, ya que durante el mes de diciembre al menos otras seis\npersonas, dentro de ellas una menor de edad permanecen sin rastro para sus\nfamiliares.<\/p>\n\n\n\n<p>El pasado 17 de diciembre Migue \u00c1ngel\nMontoro Ruiz de 28 a\u00f1os, mejor conocido como \u201cJarri\u201d, fue visto por \u00faltima vez\nel 17 de diciembre en la colonia Diego Rivera, de Loma Bonita; en este\nmunicipio pero un d\u00eda antes desapareci\u00f3 Erick de Jes\u00fas V\u00e1squez Villa de 32 a\u00f1os\nde edad, siendo la colonia Obrera, el \u00faltimo lugar en que fue ubicado.<\/p>\n\n\n\n<p>As\u00ed mismo, la joven de 16 a\u00f1os, Mariana\nAlvarado de la Paz, quien fue vista a finales del mes de noviembre portando una\nblusa color guinda, pantal\u00f3n de mezclilla y chanclas de color rosa, de acuerdo\ncon ficha de b\u00fasqueda.<\/p>\n\n\n\n<p>Mientras que en el municipio de San\nMiguel Soyaltepec, perteneciente a la regi\u00f3n, desaparecieron Efr\u00e9n Ventura\nCalder\u00f3n de 49 a\u00f1os de edad y su hijo Leonel de Jes\u00fas Ventura Juli\u00e1n de 21\na\u00f1os, quienes fueron vistos por \u00faltima vez el 19 de octubre en la Isla del\nViejo Soyaltepec.<\/p>\n\n\n\n<p>Este \u00faltimo municipio de la regi\u00f3n de\nla Cuenca ha trascendido en medios nacionales por la desaparici\u00f3n de seis&nbsp; j\u00f3venes provenientes del estado de Tlaxcala,\nsin que se sepa nada de su paradero desde abril del 2018 cuando asistieron a la\nFeria de la Mojarra y donde presuntamente fueron detenidos por polic\u00edas\nmunicipales a petici\u00f3n de una joven que supuestamente huir\u00eda con ellos.<\/p>\n","protected":false},"excerpt":{"rendered":"<p>Evlin Arag\u00f3n\/Zona Roja. Oaxaca de Ju\u00e1rez, Oax., 26 de diciembre de 2019.- Adem\u00e1s de las&hellip;<\/p>\n","protected":false},"author":2,"featured_media":7018,"comment_status":"closed","ping_status":"open","sticky":false,"template":"","format":"standard","meta":{"_lmt_disableupdate":"","_lmt_disable":"","_jetpack_memberships_contains_paid_content":false,"footnotes":""},"categories":[109,51],"tags":[118],"class_list":["post-7016","post","type-post","status-publish","format-standard","has-post-thumbnail","hentry","category-minuto-a-minuto","category-zona-roja","tag-san-juan-bautista-tuxtepec"],"jetpack_featured_media_url":"https:\/\/zonaroja.com.mx\/wp-content\/uploads\/2019\/12\/Desaparecidos-Cuenca-2.jpg","jetpack_sharing_enabled":true,"_links":{"self":[{"href":"https:\/\/zonaroja.com.mx\/index.php?rest_route=\/wp\/v2\/posts\/7016","targetHints":{"allow":["GET"]}}],"collection":[{"href":"https:\/\/zonaroja.com.mx\/index.php?rest_route=\/wp\/v2\/posts"}],"about":[{"href":"https:\/\/zonaroja.com.mx\/index.php?rest_route=\/wp\/v2\/types\/post"}],"author":[{"embeddable":true,"href":"https:\/\/zonaroja.com.mx\/index.php?rest_route=\/wp\/v2\/users\/2"}],"replies":[{"embeddable":true,"href":"https:\/\/zonaroja.com.mx\/index.php?rest_route=%2Fwp%2Fv2%2Fcomments&post=7016"}],"version-history":[{"count":1,"href":"https:\/\/zonaroja.com.mx\/index.php?rest_route=\/wp\/v2\/posts\/7016\/revisions"}],"predecessor-version":[{"id":7019,"href":"https:\/\/zonaroja.com.mx\/index.php?rest_route=\/wp\/v2\/posts\/7016\/revisions\/7019"}],"wp:featuredmedia":[{"embeddable":true,"href":"https:\/\/zonaroja.com.mx\/index.php?rest_route=\/wp\/v2\/media\/7018"}],"wp:attachment":[{"href":"https:\/\/zonaroja.com.mx\/index.php?rest_route=%2Fwp%2Fv2%2Fmedia&parent=7016"}],"wp:term":[{"taxonomy":"category","embeddable":true,"href":"https:\/\/zonaroja.com.mx\/index.php?rest_route=%2Fwp%2Fv2%2Fcategories&post=7016"},{"taxonomy":"post_tag","embeddable":true,"href":"https:\/\/zonaroja.com.mx\/index.php?rest_route=%2Fwp%2Fv2%2Ftags&post=7016"}],"curies":[{"name":"wp","href":"https:\/\/api.w.org\/{rel}","templated":true}]}}