{"id":70166,"date":"2024-07-07T18:58:10","date_gmt":"2024-07-08T00:58:10","guid":{"rendered":"https:\/\/zonaroja.com.mx\/?p=70166"},"modified":"2024-07-07T18:58:12","modified_gmt":"2024-07-08T00:58:12","slug":"opinion-daniela-y-virginia-17-anos-de-impunidad","status":"publish","type":"post","link":"https:\/\/zonaroja.com.mx\/?p=70166","title":{"rendered":"Opini\u00f3n. Daniela y Virginia, 17 a\u00f1os de impunidad"},"content":{"rendered":"\n<p>Soledad Jarqu\u00edn Edgar*\/SemM\u00e9xico<\/p>\n\n\n\n<p>\u201cUn gobierno que se aparta de la justicia,&nbsp;se convierte en un gobierno criminal\u201d: San Agust\u00edn de Hipona.<\/p>\n\n\n\n<p>Daniela y Virginia tendr\u00edan hoy 31 y 37 a\u00f1os de edad, Virginia ser\u00eda una maestra biling\u00fce consolidada por su experiencia en el servicio.&nbsp;<\/p>\n\n\n\n<p>Daniela seguramente habr\u00eda realizado el sue\u00f1o de ser abogada y quiz\u00e1 hasta habr\u00eda roto el techo de cristal en El Rastrojo, su pueblo natal, siendo la agenta municipal, como lo expres\u00f3 alguna vez.&nbsp;<\/p>\n\n\n\n<p>Quiz\u00e1 no, pero quiz\u00e1 s\u00ed, tambi\u00e9n habr\u00edan sido madres, como marca la costumbre, el mandato, el deber ser, a\u00fan en nuestros d\u00edas y pese a todos los avances tras una lucha milenaria de las mujeres.<\/p>\n\n\n\n<p>Esa ser\u00eda una aproximaci\u00f3n a la historia de vida de las hermanas Ortiz Ram\u00edrez, ind\u00edgenas de la etnia triqui, asentada en la regi\u00f3n de la Mixteca oaxaque\u00f1a. Expulsi\u00f3n de sus habitantes relacionada con opresiones como la pobreza y la violencia, las discriminaciones de g\u00e9nero, adem\u00e1s de las condiciones agrestes de sus tierras.&nbsp;<\/p>\n\n\n\n<p>De acuerdo con Mercedes Olivera Bustamante (1934-2022), antrop\u00f3loga feminista, la pobreza se vuelve parte de la subordinaci\u00f3n de g\u00e9nero, de clase y de etnia.&nbsp;<\/p>\n\n\n\n<p>Condiciones que las hermanas Daniela y Virginia reun\u00edan y que se tradujo en discriminaci\u00f3n sistem\u00e1tica, resumida en una triple opresi\u00f3n por ser mujeres, por ser ind\u00edgenas y por ser pobres.<\/p>\n\n\n\n<p>Y hab\u00eda m\u00e1s. Ellas, como otras muchas mujeres triquis, nacieron en medio de una \u201cguerra\u201d, un conflicto inter\u00e9tnico que dividi\u00f3 al pueblo para beneficiar a caciques priistas, explotadores que no entendieron ni entienden nada sobre la dignidad humana.&nbsp;<\/p>\n\n\n\n<p>Ellas, Virginia y Daniela vivieron en medio del miedo, de la injusticia; sus cuerpos, como sucedi\u00f3 con sus ancestras, se convirtieron en bot\u00edn de guerra, en el fest\u00edn de los vencedores, institucionales como el Ejercito mexicano (el ejercito del pueblo) y de grupos paramilitares que fueron llevados a la zona por los caciques.&nbsp;<\/p>\n\n\n\n<p>Ni perd\u00f3n ni olvido, es la frase que se repite. Y ha sido Emelia Ortiz Garc\u00eda, prima de Daniela y Virginia, quien sostiene viva la memoria de las dos j\u00f3venes. Este viernes 5 de julio, se cumplen 17 a\u00f1os de la desaparici\u00f3n de la maestra biling\u00fce, integrante de la Secci\u00f3n 22, y de su hermana, estudiante de secundaria.&nbsp;<\/p>\n\n\n\n<p>Para recordar la atrocidad y no olvidar que la justicia no llega, Emelia Ortiz Garc\u00eda, defensora de derechos humanos del pueblo triqui, present\u00f3 en el IAGO a las 12:00 horas un libro memorial:&nbsp;\u201cQuiero a mis primas de vuelta\u2026y quiero paz\u201d.<\/p>\n\n\n\n<p>Daniela y Virginia fueron desaparecidas mientras viajaban en un taxi desde El Rastrojo a la poblaci\u00f3n de San Marcos Xinicuesta, el recorrido entre una y otra poblaci\u00f3n ser\u00eda de alrededor de dos horas y media y lo har\u00edan en al menos dos taxis colectivos, el transporte que se emplea para trasladarse entre comunidades cercanas en Oaxaca y en otras entidades del pa\u00eds.&nbsp;<\/p>\n\n\n\n<p>Virginia deb\u00eda ir a San Marcos para recoger sus pertenencias, ya no dar\u00eda m\u00e1s clases en esa poblaci\u00f3n, porque hab\u00eda logrado un cambio, una permuta, para establecerse en La Luz Llano Nopal, m\u00e1s cerca de su casa familiar.&nbsp;<\/p>\n\n\n\n<p>Media hora despu\u00e9s de tomar el segundo taxi, entre Putla y Juxtlahuaca, cuatro hombres interceptan el veh\u00edculo para subirlas por la fuerza a una camioneta.<\/p>\n\n\n\n<p>Fue al pasar sobre la carretera federal que atraviesa Santiago Juxtlahuaca, cuando algunas personas observan a las j\u00f3venes desesperadas y, adem\u00e1s, reconocen a los captores: Miguel \u00c1ngel Velasco \u00c1lvarez, Francisco Herrera Merino, Timoteo Alejandro Ram\u00edrez y Jos\u00e9 Ram\u00edrez Flores.&nbsp;<\/p>\n\n\n\n<p>Algunos de ellos hab\u00edan sido se\u00f1alados un a\u00f1o antes de haber violado de forma tumultuaria a una ni\u00f1a de 13 a\u00f1os. Eran, sin duda, p\u00e1jaros de cuenta con licencia de las autoridades que no hacen su trabajo:&nbsp;crimen que no se castiga, crimen que se repite.<\/p>\n\n\n\n<p>La justicia es lenta y adem\u00e1s incompleta, est\u00e1 lejos del precepto de justicia pronta y expedita. Miguel \u00c1ngel y Francisco fueron detenidos, uno en diciembre de 2011 y el otro en enero 2012. T<\/p>\n\n\n\n<p>imoteo Alejandro fue asesinado el 20 de mayo de 2010, en su casa de Yosoyuxi Copala. El primero sigue en prisi\u00f3n, el segundo fue liberado en 2018 por una jueza de nombre Mar\u00eda Concepci\u00f3n S\u00e1nchez Loyola.&nbsp;<\/p>\n\n\n\n<p>Jos\u00e9 sigue sin pagar por su delito, en alg\u00fan momento la justicia federal lo liber\u00f3 de la orden de aprehensi\u00f3n, pero otra parte de la justicia dijo no, as\u00ed que desde 2014 la orden de aprehensi\u00f3n sigue en pie y est\u00e1 \u201cpr\u00f3fugo\u201d, es decir, tranquilo en su casa en Guadalupe Tilapa.<\/p>\n\n\n\n<p>Solo resta decir, que los cinco procuradores y tres fiscales que han \u201cintervenido\u201d en el caso han sido una nulidad.&nbsp;<\/p>\n\n\n\n<p>Uno de ellos, Evencio Nicol\u00e1s Mart\u00ednez Ram\u00edrez &#8211; pr\u00f3fugo de la justicia desde 2019 por la desaparici\u00f3n de Edmundo Reyes y Gabriel Alberto Cruz-, lo recuerdo burl\u00e1ndose de la familia Ortiz Ram\u00edrez.&nbsp;<\/p>\n\n\n\n<p>Aunque sin excepci\u00f3n de ninguno, todos con su actuar omiso, negligente y corrupto, refuerzan la discriminaci\u00f3n de g\u00e9nero, clase, etnia, edad, condici\u00f3n econ\u00f3mica, ubicaci\u00f3n geogr\u00e1fica y otros factores y, en consecuencia, violando derecho humanos, el acceso a la justicia y a la verdad de las v\u00edctimas; de Antonia, la madre que vio partir a sus hijas en un taxi hace 17 a\u00f1os, de la abuela Gregoria que muri\u00f3 sin volver a ver a sus nietas y del resto de la familia que sostienen esperanza entre sus manos, sin duda, una dif\u00edcil tarea que se ha vuelto costumbre en M\u00e9xico.<\/p>\n\n\n\n<p>*Periodista y activista feminista.<\/p>\n","protected":false},"excerpt":{"rendered":"<p>Soledad Jarqu\u00edn Edgar*\/SemM\u00e9xico \u201cUn gobierno que se aparta de la justicia,&nbsp;se convierte en un gobierno&hellip;<\/p>\n","protected":false},"author":2,"featured_media":68029,"comment_status":"closed","ping_status":"open","sticky":false,"template":"","format":"standard","meta":{"_lmt_disableupdate":"","_lmt_disable":"","_jetpack_memberships_contains_paid_content":false,"footnotes":""},"categories":[456,109],"tags":[1105],"class_list":["post-70166","post","type-post","status-publish","format-standard","has-post-thumbnail","hentry","category-columna","category-minuto-a-minuto","tag-soledad-jarquin-edgar"],"jetpack_featured_media_url":"https:\/\/zonaroja.com.mx\/wp-content\/uploads\/2024\/05\/Soledad-Jarquin-Edgar.jpg","jetpack_sharing_enabled":true,"_links":{"self":[{"href":"https:\/\/zonaroja.com.mx\/index.php?rest_route=\/wp\/v2\/posts\/70166","targetHints":{"allow":["GET"]}}],"collection":[{"href":"https:\/\/zonaroja.com.mx\/index.php?rest_route=\/wp\/v2\/posts"}],"about":[{"href":"https:\/\/zonaroja.com.mx\/index.php?rest_route=\/wp\/v2\/types\/post"}],"author":[{"embeddable":true,"href":"https:\/\/zonaroja.com.mx\/index.php?rest_route=\/wp\/v2\/users\/2"}],"replies":[{"embeddable":true,"href":"https:\/\/zonaroja.com.mx\/index.php?rest_route=%2Fwp%2Fv2%2Fcomments&post=70166"}],"version-history":[{"count":1,"href":"https:\/\/zonaroja.com.mx\/index.php?rest_route=\/wp\/v2\/posts\/70166\/revisions"}],"predecessor-version":[{"id":70167,"href":"https:\/\/zonaroja.com.mx\/index.php?rest_route=\/wp\/v2\/posts\/70166\/revisions\/70167"}],"wp:featuredmedia":[{"embeddable":true,"href":"https:\/\/zonaroja.com.mx\/index.php?rest_route=\/wp\/v2\/media\/68029"}],"wp:attachment":[{"href":"https:\/\/zonaroja.com.mx\/index.php?rest_route=%2Fwp%2Fv2%2Fmedia&parent=70166"}],"wp:term":[{"taxonomy":"category","embeddable":true,"href":"https:\/\/zonaroja.com.mx\/index.php?rest_route=%2Fwp%2Fv2%2Fcategories&post=70166"},{"taxonomy":"post_tag","embeddable":true,"href":"https:\/\/zonaroja.com.mx\/index.php?rest_route=%2Fwp%2Fv2%2Ftags&post=70166"}],"curies":[{"name":"wp","href":"https:\/\/api.w.org\/{rel}","templated":true}]}}