{"id":70168,"date":"2024-07-07T19:30:49","date_gmt":"2024-07-08T01:30:49","guid":{"rendered":"https:\/\/zonaroja.com.mx\/?p=70168"},"modified":"2024-07-07T19:30:51","modified_gmt":"2024-07-08T01:30:51","slug":"que-siempre-si-un-hijo-de-lopez-obrador-labora-de-manera-honoraria-en-gobierno","status":"publish","type":"post","link":"https:\/\/zonaroja.com.mx\/?p=70168","title":{"rendered":"Que siempre s\u00ed: un hijo de L\u00f3pez Obrador labora, \u201cde manera honoraria\u201d, en gobierno"},"content":{"rendered":"\n<p>Redacci\u00f3n\/Zona Roja Cdmx.<\/p>\n\n\n\n<p>Ciudad de M\u00e9xico, a 7 de julio de 2024.- El presidente Andr\u00e9s Manuel L\u00f3pez Obrador dijo que su hijo, Gonzalo L\u00f3pez Beltr\u00e1n, trabaja de manera honoraria supervisando los avances del Tren Interoce\u00e1nico, uno de los megaproyectos de la actual administraci\u00f3n.<\/p>\n\n\n\n<p>\u201cGonzalo no est\u00e1 metido en la cuesti\u00f3n pol\u00edtica. Gonzalo ha ayudado como honor\u00edfico en el Interoce\u00e1nico, pero no cobra y no va a trabajar en el gobierno. Cuando me dijo eso me sent\u00ed content\u00edsimo. Se va a hacer cargo de la f\u00e1brica de chocolates que tiene \u00e9l en sociedad con Andr\u00e9s\u201d, dijo en reciente conferencia matutina de Palacio Nacional.<\/p>\n\n\n\n<p>En junio de 2019, L\u00f3pez Obrador public\u00f3 un memor\u00e1ndum contra el influyentismo dirigido a los funcionarios.&nbsp;<\/p>\n\n\n\n<p>\u201cMe dirijo a ustedes con la instrucci\u00f3n clara y precisa de no permitir, bajo ninguna circunstancia, la corrupci\u00f3n, el influyentismo, el amiguismo, el nepotismo ninguna de esas lacras de la pol\u00edtica del antiguo r\u00e9gimen\u201d, dice el memor\u00e1ndum.<\/p>\n\n\n\n<p>L\u00f3pez Obrador matiz\u00f3 que su hijo se encarga solamente de entregarle a \u00e9l, un reporte quincenal de los avances del Tren Interoce\u00e1nico.<\/p>\n\n\n\n<p>El mandatario, adem\u00e1s, coment\u00f3 que su hijo no estaba interesado en participar en el pr\u00f3ximo gabinete presidencial de Sheinbaum Pardo y sostuvo que se seguir\u00eda dedicando a su empresa de chocolates.<\/p>\n\n\n\n<p>Sin embargo, en redes sociales las cr\u00edticas a estas declaraciones del presidente comenzaron a llover, pues cuestionan en qu\u00e9 puede ayudar su hijo en una obra como el Tren Interoce\u00e1nico, si estudi\u00f3 psicolog\u00eda.<\/p>\n\n\n\n<p>La periodista Mar\u00eda Scherer expres\u00f3 en la red social X: \u201cYa superamos un l\u00edmite: AMLO confirm\u00f3 que su hijo Gonzalo tendr\u00e1 un cargo honor\u00edfico para supervisar las obras del corredor interoce\u00e1nico. Se encargar\u00e1 de revisar el avance de las v\u00edas, trenes y la construcci\u00f3n de un rompeolas en Salina Cruz. Inform\u00f3 que no se unir\u00e1 al nuevo gobierno\u201d, apunt\u00f3 la comunicadora.<\/p>\n\n\n\n<p>(Informaci\u00f3n de \u201cEl Sol de M\u00e9xico\u201d)<\/p>\n","protected":false},"excerpt":{"rendered":"<p>Redacci\u00f3n\/Zona Roja Cdmx. Ciudad de M\u00e9xico, a 7 de julio de 2024.- El presidente Andr\u00e9s&hellip;<\/p>\n","protected":false},"author":2,"featured_media":70169,"comment_status":"closed","ping_status":"open","sticky":false,"template":"","format":"standard","meta":{"_lmt_disableupdate":"","_lmt_disable":"","_jetpack_memberships_contains_paid_content":false,"footnotes":""},"categories":[109,47],"tags":[143,3994],"class_list":["post-70168","post","type-post","status-publish","format-standard","has-post-thumbnail","hentry","category-minuto-a-minuto","category-zona-gris","tag-andres-manuel-lopez-obrador","tag-gonzalo-lopez-beltran"],"jetpack_featured_media_url":"https:\/\/zonaroja.com.mx\/wp-content\/uploads\/2024\/07\/Gonzalo-Lopez-Beltran.avif","jetpack_sharing_enabled":true,"_links":{"self":[{"href":"https:\/\/zonaroja.com.mx\/index.php?rest_route=\/wp\/v2\/posts\/70168","targetHints":{"allow":["GET"]}}],"collection":[{"href":"https:\/\/zonaroja.com.mx\/index.php?rest_route=\/wp\/v2\/posts"}],"about":[{"href":"https:\/\/zonaroja.com.mx\/index.php?rest_route=\/wp\/v2\/types\/post"}],"author":[{"embeddable":true,"href":"https:\/\/zonaroja.com.mx\/index.php?rest_route=\/wp\/v2\/users\/2"}],"replies":[{"embeddable":true,"href":"https:\/\/zonaroja.com.mx\/index.php?rest_route=%2Fwp%2Fv2%2Fcomments&post=70168"}],"version-history":[{"count":1,"href":"https:\/\/zonaroja.com.mx\/index.php?rest_route=\/wp\/v2\/posts\/70168\/revisions"}],"predecessor-version":[{"id":70170,"href":"https:\/\/zonaroja.com.mx\/index.php?rest_route=\/wp\/v2\/posts\/70168\/revisions\/70170"}],"wp:featuredmedia":[{"embeddable":true,"href":"https:\/\/zonaroja.com.mx\/index.php?rest_route=\/wp\/v2\/media\/70169"}],"wp:attachment":[{"href":"https:\/\/zonaroja.com.mx\/index.php?rest_route=%2Fwp%2Fv2%2Fmedia&parent=70168"}],"wp:term":[{"taxonomy":"category","embeddable":true,"href":"https:\/\/zonaroja.com.mx\/index.php?rest_route=%2Fwp%2Fv2%2Fcategories&post=70168"},{"taxonomy":"post_tag","embeddable":true,"href":"https:\/\/zonaroja.com.mx\/index.php?rest_route=%2Fwp%2Fv2%2Ftags&post=70168"}],"curies":[{"name":"wp","href":"https:\/\/api.w.org\/{rel}","templated":true}]}}