{"id":70172,"date":"2024-07-08T06:51:19","date_gmt":"2024-07-08T12:51:19","guid":{"rendered":"https:\/\/zonaroja.com.mx\/?p=70172"},"modified":"2024-07-08T06:51:21","modified_gmt":"2024-07-08T12:51:21","slug":"registra-huatulco-tres-homicidios-el-fin-de-semana-un-caso-de-una-mujer","status":"publish","type":"post","link":"https:\/\/zonaroja.com.mx\/?p=70172","title":{"rendered":"Registra Huatulco tres homicidios el fin de semana; un caso, de una mujer"},"content":{"rendered":"\n<p>Raymundo Morales\/Zona Roja.<\/p>\n\n\n\n<p>Oaxaca de Ju\u00e1rez, Oax., a 8 de julio de 2024.- La Fiscal\u00eda General del Estado de Oaxaca indaga tres homicidios registrados durante el fin de semana en el destino tur\u00edstico de Huatulco.<\/p>\n\n\n\n<p>El m\u00e1s reciente caso ocurri\u00f3 anoche, al localizad el cuerpo sin vida de una persona del sexo masculino, en el interior de una unidad de motor, en la Sector H3 de Santa Cruz Huatulco.<\/p>\n\n\n\n<p>Se trata de un coche marca Nissan, color gris, en que se hall\u00f3 el cad\u00e1ver y hasta el momento se desconocen las causas de la muerte.<\/p>\n\n\n\n<p>Mientras que el viernes por la tarde, personal de la Secretar\u00eda de Marina localiz\u00f3 dos cuerpos sin vida, de un hombre y una mujer, en playa Punta Arena, tambi\u00e9n de las bah\u00edas de Huatulco.<\/p>\n\n\n\n<p>Ambos cad\u00e1veres fueron trasladados a la d\u00e1rsena de Santa Cruz Huatulco por parte de los&nbsp;elementos de la Secretar\u00eda de Marina adscritos en la d\u00e9cimo octava Zona Naval.<\/p>\n\n\n\n<p>De acuerdo con medios informativos de la regi\u00f3n, se trata de una mujer de entre 35 y 40 a\u00f1os y un hombre de entre 30 y 35 a\u00f1os, aproximadamente.<\/p>\n\n\n\n<p>La Fiscal\u00eda General del Estado de Oaxaca confirm\u00f3 que ambas personas fallecieron por ahogamiento y hasta este lunes se desconoce la identidad de las v\u00edctimas, que podr\u00edan ser de origen migrante.<\/p>\n","protected":false},"excerpt":{"rendered":"<p>Raymundo Morales\/Zona Roja. Oaxaca de Ju\u00e1rez, Oax., a 8 de julio de 2024.- La Fiscal\u00eda&hellip;<\/p>\n","protected":false},"author":2,"featured_media":70173,"comment_status":"closed","ping_status":"open","sticky":false,"template":"","format":"standard","meta":{"_lmt_disableupdate":"","_lmt_disable":"","_jetpack_memberships_contains_paid_content":false,"footnotes":""},"categories":[109,51],"tags":[2588],"class_list":["post-70172","post","type-post","status-publish","format-standard","has-post-thumbnail","hentry","category-minuto-a-minuto","category-zona-roja","tag-santa-cruz-huatulco"],"jetpack_featured_media_url":"https:\/\/zonaroja.com.mx\/wp-content\/uploads\/2024\/07\/Cadaver-Huatulco-Santa-Cruz.jpg","jetpack_sharing_enabled":true,"_links":{"self":[{"href":"https:\/\/zonaroja.com.mx\/index.php?rest_route=\/wp\/v2\/posts\/70172","targetHints":{"allow":["GET"]}}],"collection":[{"href":"https:\/\/zonaroja.com.mx\/index.php?rest_route=\/wp\/v2\/posts"}],"about":[{"href":"https:\/\/zonaroja.com.mx\/index.php?rest_route=\/wp\/v2\/types\/post"}],"author":[{"embeddable":true,"href":"https:\/\/zonaroja.com.mx\/index.php?rest_route=\/wp\/v2\/users\/2"}],"replies":[{"embeddable":true,"href":"https:\/\/zonaroja.com.mx\/index.php?rest_route=%2Fwp%2Fv2%2Fcomments&post=70172"}],"version-history":[{"count":1,"href":"https:\/\/zonaroja.com.mx\/index.php?rest_route=\/wp\/v2\/posts\/70172\/revisions"}],"predecessor-version":[{"id":70174,"href":"https:\/\/zonaroja.com.mx\/index.php?rest_route=\/wp\/v2\/posts\/70172\/revisions\/70174"}],"wp:featuredmedia":[{"embeddable":true,"href":"https:\/\/zonaroja.com.mx\/index.php?rest_route=\/wp\/v2\/media\/70173"}],"wp:attachment":[{"href":"https:\/\/zonaroja.com.mx\/index.php?rest_route=%2Fwp%2Fv2%2Fmedia&parent=70172"}],"wp:term":[{"taxonomy":"category","embeddable":true,"href":"https:\/\/zonaroja.com.mx\/index.php?rest_route=%2Fwp%2Fv2%2Fcategories&post=70172"},{"taxonomy":"post_tag","embeddable":true,"href":"https:\/\/zonaroja.com.mx\/index.php?rest_route=%2Fwp%2Fv2%2Ftags&post=70172"}],"curies":[{"name":"wp","href":"https:\/\/api.w.org\/{rel}","templated":true}]}}