{"id":70175,"date":"2024-07-08T14:51:00","date_gmt":"2024-07-08T20:51:00","guid":{"rendered":"https:\/\/zonaroja.com.mx\/?p=70175"},"modified":"2024-07-08T07:08:44","modified_gmt":"2024-07-08T13:08:44","slug":"habra-cuatro-conciertos-masivos-en-el-marco-de-la-guelaguetza","status":"publish","type":"post","link":"https:\/\/zonaroja.com.mx\/?p=70175","title":{"rendered":"Habr\u00e1 cuatro conciertos masivos, en el marco de la Guelaguetza"},"content":{"rendered":"\n<p>Redacci\u00f3n\/Zona Roja.<\/p>\n\n\n\n<p>Oaxaca de Ju\u00e1rez, Oax. 8 de julio de 2024.- En el marco de las fiestas de la Guelaguetza, habr\u00e1 en Oaxaca cuatro conciertos masivos, tres de ellos gratuitos en el emblem\u00e1tico z\u00f3calo de Oaxaca.<\/p>\n\n\n\n<p>Ah\u00ed se presentar\u00e1n Grupo Ca\u00f1averal el 23 de julio; Los Caligaris, el 30 de julio y Oaxaque\u00f1\u00edsimas, con las artistas Ana D\u00edaz, Natalia Cruz, Silvia Mar\u00eda y Mar\u00eda Reyna, acompa\u00f1adas de la Banda de Mujeres del Viento Florido, el 31 de julio.<\/p>\n\n\n\n<p>El 26 de julio, en el auditorio \u201cGuelaguetza\u201d se presentar\u00e1 Lila Downs, en concierto; cabe destacar que los palcos C y D ser\u00e1n gratuitos, por lo que la dependencia informar\u00e1 pr\u00f3ximamente la din\u00e1mica para adquirir dichos boletos.<\/p>\n\n\n\n<p>El director de Atenci\u00f3n Cultural Comunitaria de la Secretar\u00eda de las Culturas, Feliciano Mar\u00edn Valdivieso, apunt\u00f3 que los eventos del mes de julio tendr\u00e1n sietes sedes: auditorio \u201cGuelaguetza\u201d, z\u00f3calo de la ciudad de Oaxaca, teatro \u00abMacedonio Alcal\u00e1\u201d,teatro \u201cJu\u00e1rez\u201d, Museo de los Pintores Oaxaque\u00f1os (MUPO), Museo Precolombino \u201cRufino Tamayo\u201d y la Real Alh\u00f3ndiga de Antequera.<\/p>\n\n\n\n<p>Invit\u00f3 a la ciudadan\u00eda a las ferias y eventos a realizarse en la Real Alh\u00f3ndiga de Antequera, ya que es \u201cun espacio que fue recuperado por la administraci\u00f3n que encabeza el gobernador Salom\u00f3n Jara Cruz, y que, adem\u00e1s de ser la nueva casa del Taller Rufino Tamayo, se alimenta con actividades culturales\u201d.<\/p>\n\n\n\n<p>Para m\u00e1s informaci\u00f3n de cada evento, se pueden consultar las redes sociales oficiales de la Seculta.<\/p>\n","protected":false},"excerpt":{"rendered":"<p>Redacci\u00f3n\/Zona Roja. Oaxaca de Ju\u00e1rez, Oax. 8 de julio de 2024.- En el marco de&hellip;<\/p>\n","protected":false},"author":2,"featured_media":70176,"comment_status":"closed","ping_status":"open","sticky":false,"template":"","format":"standard","meta":{"_lmt_disableupdate":"","_lmt_disable":"","_jetpack_memberships_contains_paid_content":false,"footnotes":""},"categories":[109,46],"tags":[3972],"class_list":["post-70175","post","type-post","status-publish","format-standard","has-post-thumbnail","hentry","category-minuto-a-minuto","category-zona-blanca","tag-guelaguetza-2024"],"jetpack_featured_media_url":"https:\/\/zonaroja.com.mx\/wp-content\/uploads\/2024\/07\/Conciertos-Guelaguetza.jpg","jetpack_sharing_enabled":true,"_links":{"self":[{"href":"https:\/\/zonaroja.com.mx\/index.php?rest_route=\/wp\/v2\/posts\/70175","targetHints":{"allow":["GET"]}}],"collection":[{"href":"https:\/\/zonaroja.com.mx\/index.php?rest_route=\/wp\/v2\/posts"}],"about":[{"href":"https:\/\/zonaroja.com.mx\/index.php?rest_route=\/wp\/v2\/types\/post"}],"author":[{"embeddable":true,"href":"https:\/\/zonaroja.com.mx\/index.php?rest_route=\/wp\/v2\/users\/2"}],"replies":[{"embeddable":true,"href":"https:\/\/zonaroja.com.mx\/index.php?rest_route=%2Fwp%2Fv2%2Fcomments&post=70175"}],"version-history":[{"count":1,"href":"https:\/\/zonaroja.com.mx\/index.php?rest_route=\/wp\/v2\/posts\/70175\/revisions"}],"predecessor-version":[{"id":70177,"href":"https:\/\/zonaroja.com.mx\/index.php?rest_route=\/wp\/v2\/posts\/70175\/revisions\/70177"}],"wp:featuredmedia":[{"embeddable":true,"href":"https:\/\/zonaroja.com.mx\/index.php?rest_route=\/wp\/v2\/media\/70176"}],"wp:attachment":[{"href":"https:\/\/zonaroja.com.mx\/index.php?rest_route=%2Fwp%2Fv2%2Fmedia&parent=70175"}],"wp:term":[{"taxonomy":"category","embeddable":true,"href":"https:\/\/zonaroja.com.mx\/index.php?rest_route=%2Fwp%2Fv2%2Fcategories&post=70175"},{"taxonomy":"post_tag","embeddable":true,"href":"https:\/\/zonaroja.com.mx\/index.php?rest_route=%2Fwp%2Fv2%2Ftags&post=70175"}],"curies":[{"name":"wp","href":"https:\/\/api.w.org\/{rel}","templated":true}]}}