{"id":70190,"date":"2024-07-08T12:28:00","date_gmt":"2024-07-08T18:28:00","guid":{"rendered":"https:\/\/zonaroja.com.mx\/?p=70190"},"modified":"2024-07-08T08:28:53","modified_gmt":"2024-07-08T14:28:53","slug":"tras-exhibida-en-video-detienen-a-asaltante-de-reyes-mantecon","status":"publish","type":"post","link":"https:\/\/zonaroja.com.mx\/?p=70190","title":{"rendered":"Tras exhibida en video, detienen a asaltante de Reyes Mantec\u00f3n"},"content":{"rendered":"\n<p>Redacci\u00f3n\/Zona Roja.&nbsp;<\/p>\n\n\n\n<p>Oaxaca de Ju\u00e1rez, Oax., a 8 de julio de 2024.- La Fiscal\u00eda General del Estado de Oaxaca (FGEO) dio cumplimiento a una orden de aprehensi\u00f3n que permiti\u00f3 la detenci\u00f3n de la persona del sexo masculino identificada por las iniciales L. A. H. C. alias \u201cEl Saiko\u201d o \u201cGresca\u201d, por los delitos de Robo Calificado con Violencia F\u00edsica y Moral a las Personas y Da\u00f1os Dolosos, cometidos en la regi\u00f3n de los Valles Centrales.<\/p>\n\n\n\n<p>Los hechos sucedieron el 25 de junio de 2024, como se observa en un video difundido a trav\u00e9s de redes sociales, cuando las v\u00edctimas (dos trabajadores dedicados a la venta de botellones de agua) se encontraba haciendo una entrega en un negocio localizado en la calle Lachatao del Fraccionamiento Reyes Mantec\u00f3n, perteneciente al municipio de San Bartolo Coyotepec.<\/p>\n\n\n\n<p>Se observa que dos personas se acercan a la camioneta de los trabajadores, a quienes amenazan con un bat y un arma punzocortante, para enseguida despojarlos de objetos de valor, como dinero en efectivo entre otras cosas.<\/p>\n\n\n\n<p>Ante los hechos, la Fiscal\u00eda General del Estado de Oaxaca inici\u00f3 las investigaciones correspondientes, a trav\u00e9s de la Vicefiscal\u00eda de Valles Centrales, labor gracias a la cual se obtuvo una orden de aprehensi\u00f3n en contra de L. A. H. C. alias \u201cEl Saiko\u201d o \u201cGresca\u201d, por los delitos de Robo Calificado con Violencia F\u00edsica y Moral a las Personas y Da\u00f1os Dolosos, quien fue detenido y qued\u00f3 a disposici\u00f3n de la autoridad ministerial correspondiente.<\/p>\n\n\n\n<p>La Fiscal\u00eda de Oaxaca est\u00e1 comprometida con realizar las labores de procuraci\u00f3n de justicia que sean necesarias para llevar ante las autoridades a quienes realicen conductas ilegales, con el objetivo de garantizar la paz social.<\/p>\n","protected":false},"excerpt":{"rendered":"<p>Redacci\u00f3n\/Zona Roja.&nbsp; Oaxaca de Ju\u00e1rez, Oax., a 8 de julio de 2024.- La Fiscal\u00eda General&hellip;<\/p>\n","protected":false},"author":2,"featured_media":70191,"comment_status":"closed","ping_status":"open","sticky":false,"template":"","format":"standard","meta":{"_lmt_disableupdate":"","_lmt_disable":"","_jetpack_memberships_contains_paid_content":false,"footnotes":""},"categories":[109,46],"tags":[494],"class_list":["post-70190","post","type-post","status-publish","format-standard","has-post-thumbnail","hentry","category-minuto-a-minuto","category-zona-blanca","tag-fiscalia-general-del-estado-de-oaxaca"],"jetpack_featured_media_url":"https:\/\/zonaroja.com.mx\/wp-content\/uploads\/2024\/07\/Asalto-Reyes-Mantecon.jpg","jetpack_sharing_enabled":true,"_links":{"self":[{"href":"https:\/\/zonaroja.com.mx\/index.php?rest_route=\/wp\/v2\/posts\/70190","targetHints":{"allow":["GET"]}}],"collection":[{"href":"https:\/\/zonaroja.com.mx\/index.php?rest_route=\/wp\/v2\/posts"}],"about":[{"href":"https:\/\/zonaroja.com.mx\/index.php?rest_route=\/wp\/v2\/types\/post"}],"author":[{"embeddable":true,"href":"https:\/\/zonaroja.com.mx\/index.php?rest_route=\/wp\/v2\/users\/2"}],"replies":[{"embeddable":true,"href":"https:\/\/zonaroja.com.mx\/index.php?rest_route=%2Fwp%2Fv2%2Fcomments&post=70190"}],"version-history":[{"count":1,"href":"https:\/\/zonaroja.com.mx\/index.php?rest_route=\/wp\/v2\/posts\/70190\/revisions"}],"predecessor-version":[{"id":70192,"href":"https:\/\/zonaroja.com.mx\/index.php?rest_route=\/wp\/v2\/posts\/70190\/revisions\/70192"}],"wp:featuredmedia":[{"embeddable":true,"href":"https:\/\/zonaroja.com.mx\/index.php?rest_route=\/wp\/v2\/media\/70191"}],"wp:attachment":[{"href":"https:\/\/zonaroja.com.mx\/index.php?rest_route=%2Fwp%2Fv2%2Fmedia&parent=70190"}],"wp:term":[{"taxonomy":"category","embeddable":true,"href":"https:\/\/zonaroja.com.mx\/index.php?rest_route=%2Fwp%2Fv2%2Fcategories&post=70190"},{"taxonomy":"post_tag","embeddable":true,"href":"https:\/\/zonaroja.com.mx\/index.php?rest_route=%2Fwp%2Fv2%2Ftags&post=70190"}],"curies":[{"name":"wp","href":"https:\/\/api.w.org\/{rel}","templated":true}]}}