{"id":70193,"date":"2024-07-08T11:28:00","date_gmt":"2024-07-08T17:28:00","guid":{"rendered":"https:\/\/zonaroja.com.mx\/?p=70193"},"modified":"2024-07-08T08:31:29","modified_gmt":"2024-07-08T14:31:29","slug":"congreso-amplian-facultades-del-fideicomiso-para-el-desarrollo-logistico","status":"publish","type":"post","link":"https:\/\/zonaroja.com.mx\/?p=70193","title":{"rendered":"Congreso ampl\u00edan facultades del Fideicomiso para el Desarrollo Log\u00edstico\u00a0"},"content":{"rendered":"\n<p>Redacci\u00f3n\/Zona Roja.<\/p>\n\n\n\n<p>Oaxaca de Ju\u00e1rez, Oax., a 8 de julio de 2024.- Con 34 votos a favor, el pleno de la 65 Legislatura local aprob\u00f3 la reforma al Decreto n\u00famero 140, para ampliar las facultades del Fideicomiso para el Desarrollo Log\u00edstico del Estado de Oaxaca.<\/p>\n\n\n\n<p>En sesi\u00f3n extraordinaria, las diputadas y los diputados avalaron la modificaci\u00f3n propuesta por el diputado Sergio L\u00f3pez S\u00e1nchez, presidente de la Junta de Coordinaci\u00f3n Pol\u00edtica, quien refiri\u00f3 que, con ello, dicho Fideicomiso tendr\u00e1 a su cargo diversos proyectos tur\u00edsticos para impulsar a Oaxaca como un nuevo eje internacional, tur\u00edstico, cultural, industrial y comercial.<\/p>\n\n\n\n<p>\u201cEs potencializar el tema del turismo y particularmente el Centro de Convenciones de Huatulco, que se haga cargo, que lo asuma, y que le d\u00e9 la promoci\u00f3n necesaria que requiere, y as\u00ed como el tema de Huatulco, tambi\u00e9n Puerto Escondido, Oaxaca de Ju\u00e1rez, y dem\u00e1s lugares de las regiones del estado que requieren de esta gran promoci\u00f3n tur\u00edstica\u201d, explic\u00f3.<\/p>\n\n\n\n<p>\u201cRecordemos que Oaxaca tiene un potencial tur\u00edstico bastante importante, y de esto se trata, de darle las herramientas legales a este Fideicomiso para que se pueda potencializar el tema del turismo y otras acciones en beneficio de la econom\u00eda local\u201d, detall\u00f3.<\/p>\n\n\n\n<p>El Decreto n\u00famero 140 fue publicado el 15 de febrero de 1997 en el Peri\u00f3dico Oficial del Estado, y mediante el cual se facult\u00f3 al titular del Poder Ejecutivo, para que por conducto de la Secretar\u00eda de Finanzas constituyera el Fideicomiso para el Desarrollo Log\u00edstico del Estado de Oaxaca.<\/p>\n\n\n\n<p>Con la reforma aprobada el 3 de julio del presente a\u00f1o, se estableci\u00f3 que el Fideicomiso para el Desarrollo Log\u00edstico del Estado sea la base en la que recaiga el Centro Integralmente Planeado Huatulco; \u201cpero, sobre todo, sea la entidad que detone el crecimiento y desarrollo de Oaxaca posicionando al estado como una regi\u00f3n competitiva para el desarrollo de los sectores productivos y prestaci\u00f3n de servicios p\u00fablicos a centros de poblaci\u00f3n, a trav\u00e9s del impulso, promoci\u00f3n y ejecuci\u00f3n de todo tipo de iniciativas empresariales e interinstitucionales\u201d.<\/p>\n\n\n\n<p>As\u00ed como \u201cla realizaci\u00f3n de proyectos log\u00edsticos, sociales, comerciales, aeroportuarios, aeroespaciales, ferroviarios, de conectividad, de transporte, de vivienda, de salud, ambientales, tur\u00edsticos; y todos aquellos que permitan la atracci\u00f3n de inversiones, generaci\u00f3n de empleos y la atenci\u00f3n de las \u00e1reas prioritarias y estrat\u00e9gicas de desarrollo del estado, para proyectarlo como un nuevo eje internacional, tur\u00edstico, cultural, industrial y comercial\u201d, refiere el dictamen aprobado.<\/p>\n","protected":false},"excerpt":{"rendered":"<p>Redacci\u00f3n\/Zona Roja. Oaxaca de Ju\u00e1rez, Oax., a 8 de julio de 2024.- Con 34 votos&hellip;<\/p>\n","protected":false},"author":2,"featured_media":70194,"comment_status":"closed","ping_status":"open","sticky":false,"template":"","format":"standard","meta":{"_lmt_disableupdate":"","_lmt_disable":"","_jetpack_memberships_contains_paid_content":false,"footnotes":""},"categories":[109,46],"tags":[2743],"class_list":["post-70193","post","type-post","status-publish","format-standard","has-post-thumbnail","hentry","category-minuto-a-minuto","category-zona-blanca","tag-65-legislatura-del-estado-de-oaxaca"],"jetpack_featured_media_url":"https:\/\/zonaroja.com.mx\/wp-content\/uploads\/2024\/07\/Sergio-Lopez-Sanchez-Congreso.jpeg","jetpack_sharing_enabled":true,"_links":{"self":[{"href":"https:\/\/zonaroja.com.mx\/index.php?rest_route=\/wp\/v2\/posts\/70193","targetHints":{"allow":["GET"]}}],"collection":[{"href":"https:\/\/zonaroja.com.mx\/index.php?rest_route=\/wp\/v2\/posts"}],"about":[{"href":"https:\/\/zonaroja.com.mx\/index.php?rest_route=\/wp\/v2\/types\/post"}],"author":[{"embeddable":true,"href":"https:\/\/zonaroja.com.mx\/index.php?rest_route=\/wp\/v2\/users\/2"}],"replies":[{"embeddable":true,"href":"https:\/\/zonaroja.com.mx\/index.php?rest_route=%2Fwp%2Fv2%2Fcomments&post=70193"}],"version-history":[{"count":1,"href":"https:\/\/zonaroja.com.mx\/index.php?rest_route=\/wp\/v2\/posts\/70193\/revisions"}],"predecessor-version":[{"id":70195,"href":"https:\/\/zonaroja.com.mx\/index.php?rest_route=\/wp\/v2\/posts\/70193\/revisions\/70195"}],"wp:featuredmedia":[{"embeddable":true,"href":"https:\/\/zonaroja.com.mx\/index.php?rest_route=\/wp\/v2\/media\/70194"}],"wp:attachment":[{"href":"https:\/\/zonaroja.com.mx\/index.php?rest_route=%2Fwp%2Fv2%2Fmedia&parent=70193"}],"wp:term":[{"taxonomy":"category","embeddable":true,"href":"https:\/\/zonaroja.com.mx\/index.php?rest_route=%2Fwp%2Fv2%2Fcategories&post=70193"},{"taxonomy":"post_tag","embeddable":true,"href":"https:\/\/zonaroja.com.mx\/index.php?rest_route=%2Fwp%2Fv2%2Ftags&post=70193"}],"curies":[{"name":"wp","href":"https:\/\/api.w.org\/{rel}","templated":true}]}}