{"id":70199,"date":"2024-07-08T21:26:54","date_gmt":"2024-07-09T03:26:54","guid":{"rendered":"https:\/\/zonaroja.com.mx\/?p=70199"},"modified":"2024-07-08T21:26:56","modified_gmt":"2024-07-09T03:26:56","slug":"revive-toledo-en-guelaguetza-preparan-exposiciones-del-artista-plastico","status":"publish","type":"post","link":"https:\/\/zonaroja.com.mx\/?p=70199","title":{"rendered":"\u00a1Revive Toledo en Guelaguetza! Preparan exposiciones del artista pl\u00e1stico"},"content":{"rendered":"\n<p>Ismael Garc\u00eda M.\/Zona Roja.<\/p>\n\n\n\n<p>Oaxaca de Ju\u00e1rez, Oax., a 8 de julio de 2024.- \u00abA los trece a\u00f1os, Francisco Toledo sali\u00f3 del Istmo de Tehuantepec para estudiar la secundaria en Oaxaca, donde qued\u00f3 deslumbrado por el dise\u00f1o de la ciudad.\u00a0<\/p>\n\n\n\n<p>\u00abM\u00e1s adelante, en una escuela en la Ciudad de M\u00e9xico, entendi\u00f3 la integraci\u00f3n del arte con la arquitectura. En sus \u00faltimas d\u00e9cadas, aplic\u00f3 este enfoque creando piezas utilitarias que se integraban con la arquitectura\u201d.<\/p>\n\n\n\n<p>Es la descripci\u00f3n que hace Daniel Brena, director del Centro de las Artes de San Agust\u00edn (CaSa), para anunciar el ciclo de exposiciones \u201cToledo\u201d, a cinco a\u00f1os de la partida del renombrado artista oaxaque\u00f1o, de talla universal.<\/p>\n\n\n\n<p>El ciclo se compone de \u201cToledo ve, dibujos preparatorios\u201d, en el IAGO; \u201cToledo ve\u201d en el Centro de las Artes de San Agust\u00edn y \u201cVer a Toledo\u201d, en el Centro Fotogr\u00e1fico \u00abManuel \u00c1lvarez Bravo\u00bb (CFMAB).<\/p>\n\n\n\n<p>\u201cEn \u2018Dibujos preparatorios, Toledo Ve \u2018se re\u00fanen m\u00e1s de cien obras sobre papel que sirvieron para explorar soluciones para distintas piezas. Despu\u00e9s de una catalogaci\u00f3n, se agruparon en conjuntos y se escogieron aquellos m\u00e1s relevantes: calcetines, peinetas, rejas, textiles, bocetos y dibujos, cruces, gatos. Una gran parte de estos dibujos no culminaron en alg\u00fan objeto final. Se desecharon en favor de otra opci\u00f3n o simplemente fueron relegados\u201d, describe Daniel Brena.<\/p>\n\n\n\n<p>\u00abVer a Toledo\u00bb es un acercamiento a las numerosas veces que fue retratado por diversos fot\u00f3grafos.&nbsp;<\/p>\n\n\n\n<p>El ciclo se realiza en colaboraci\u00f3n con Francisco Toledo Oficial y Amigos del IAGO y del CFMAB A.C. y estas exposiciones son una forma de celebrar la vida del artista juchiteco.<\/p>\n\n\n\n<p>La inauguraci\u00f3n de \u201cToledo ve, dibujos preparatorios\u201d es el viernes 12 de julio a las 18:00 horas en el IAGO; \u201cToledo ve\u201d, el s\u00e1bado 13 de julio en el Centro de las Artes de San Agust\u00edn y \u201cVer a Toledo\u201d el mi\u00e9rcoles 17 en el Centro Fotogr\u00e1fico.<\/p>\n","protected":false},"excerpt":{"rendered":"<p>Ismael Garc\u00eda M.\/Zona Roja. Oaxaca de Ju\u00e1rez, Oax., a 8 de julio de 2024.- \u00abA&hellip;<\/p>\n","protected":false},"author":2,"featured_media":70200,"comment_status":"closed","ping_status":"open","sticky":false,"template":"","format":"standard","meta":{"_lmt_disableupdate":"","_lmt_disable":"","_jetpack_memberships_contains_paid_content":false,"footnotes":""},"categories":[109,46],"tags":[677],"class_list":["post-70199","post","type-post","status-publish","format-standard","has-post-thumbnail","hentry","category-minuto-a-minuto","category-zona-blanca","tag-francisco-toledo"],"jetpack_featured_media_url":"https:\/\/zonaroja.com.mx\/wp-content\/uploads\/2024\/07\/Exposiciones-Francisco-Toledo.jpg","jetpack_sharing_enabled":true,"_links":{"self":[{"href":"https:\/\/zonaroja.com.mx\/index.php?rest_route=\/wp\/v2\/posts\/70199","targetHints":{"allow":["GET"]}}],"collection":[{"href":"https:\/\/zonaroja.com.mx\/index.php?rest_route=\/wp\/v2\/posts"}],"about":[{"href":"https:\/\/zonaroja.com.mx\/index.php?rest_route=\/wp\/v2\/types\/post"}],"author":[{"embeddable":true,"href":"https:\/\/zonaroja.com.mx\/index.php?rest_route=\/wp\/v2\/users\/2"}],"replies":[{"embeddable":true,"href":"https:\/\/zonaroja.com.mx\/index.php?rest_route=%2Fwp%2Fv2%2Fcomments&post=70199"}],"version-history":[{"count":1,"href":"https:\/\/zonaroja.com.mx\/index.php?rest_route=\/wp\/v2\/posts\/70199\/revisions"}],"predecessor-version":[{"id":70201,"href":"https:\/\/zonaroja.com.mx\/index.php?rest_route=\/wp\/v2\/posts\/70199\/revisions\/70201"}],"wp:featuredmedia":[{"embeddable":true,"href":"https:\/\/zonaroja.com.mx\/index.php?rest_route=\/wp\/v2\/media\/70200"}],"wp:attachment":[{"href":"https:\/\/zonaroja.com.mx\/index.php?rest_route=%2Fwp%2Fv2%2Fmedia&parent=70199"}],"wp:term":[{"taxonomy":"category","embeddable":true,"href":"https:\/\/zonaroja.com.mx\/index.php?rest_route=%2Fwp%2Fv2%2Fcategories&post=70199"},{"taxonomy":"post_tag","embeddable":true,"href":"https:\/\/zonaroja.com.mx\/index.php?rest_route=%2Fwp%2Fv2%2Ftags&post=70199"}],"curies":[{"name":"wp","href":"https:\/\/api.w.org\/{rel}","templated":true}]}}