{"id":70208,"date":"2024-07-09T08:30:00","date_gmt":"2024-07-09T14:30:00","guid":{"rendered":"https:\/\/zonaroja.com.mx\/?p=70208"},"modified":"2024-07-09T06:58:36","modified_gmt":"2024-07-09T12:58:36","slug":"detienen-en-xoxocotlan-a-presunto-agresor-de-mujeres","status":"publish","type":"post","link":"https:\/\/zonaroja.com.mx\/?p=70208","title":{"rendered":"Detienen en Xoxocotl\u00e1n a presunto agresor de mujeres"},"content":{"rendered":"\n<p>Redacci\u00f3n\/Zona Roja.<\/p>\n\n\n\n<p>Oaxaca de Ju\u00e1rez, Oax., a 9 de julio de 2024.- Elementos de la Comisi\u00f3n de Seguridad P\u00fablica, Vialidad y Protecci\u00f3n Ciudadana de Santa Cruz Xoxocotl\u00e1n lograron la captura de un sujeto se\u00f1alado como violentador de mujeres.<\/p>\n\n\n\n<p>Los hechos se desencadenaron desde el pasado s\u00e1bado, cuando una ciudadana solicit\u00f3 el apoyo de los elementos policiales, quienes acudieron al llamado de Ivett \u201cN\u201d, misma que solicit\u00f3 el auxilio ante las agresiones que recib\u00eda de su ex pareja de nombre Lucio \u201cN\u201d.<\/p>\n\n\n\n<p>Al atender el llamado, la denunciante solicit\u00f3 se conminara al agresor a retirarse, por lo que se procedi\u00f3 en consecuencia.<\/p>\n\n\n\n<p>Al d\u00eda siguiente -domingo- a trav\u00e9s del \u00e1rea de Prevenci\u00f3n del Delito se implement\u00f3 un operativo para resguardar la integridad de la f\u00e9mina en el \u00e1rea domiciliar, hasta donde de nueva cuenta se identific\u00f3 el veh\u00edculo donde se trasladaba el implicado quien viajaba en estado de ebriedad en una camioneta negra y sin placas.&nbsp;<\/p>\n\n\n\n<p>Al &nbsp;realizar los procedimientos policiales de inspecci\u00f3n, se localiz\u00f3 un arma calibre 45 en la cintura del sujeto, por lo que los agentes procedieron a la detenci\u00f3n del mismo y el aseguramiento del arma, para posteriormente ponerlo a disposici\u00f3n de las autoridades correspondientes.&nbsp;<\/p>\n\n\n\n<p>De esa manera, se cumpli\u00f3 de forma oportuna con la petici\u00f3n de la denunciante y con el objetivo de prevenir y combatir la violencia contra las mujeres, compromiso del gobierno municipal que encabeza Inocente Castellanos Alejos.<\/p>\n","protected":false},"excerpt":{"rendered":"<p>Redacci\u00f3n\/Zona Roja. Oaxaca de Ju\u00e1rez, Oax., a 9 de julio de 2024.- Elementos de la&hellip;<\/p>\n","protected":false},"author":2,"featured_media":70209,"comment_status":"closed","ping_status":"open","sticky":false,"template":"","format":"standard","meta":{"_lmt_disableupdate":"","_lmt_disable":"","_jetpack_memberships_contains_paid_content":false,"footnotes":""},"categories":[109,46],"tags":[133],"class_list":["post-70208","post","type-post","status-publish","format-standard","has-post-thumbnail","hentry","category-minuto-a-minuto","category-zona-blanca","tag-santa-cruz-xoxocotlan"],"jetpack_featured_media_url":"https:\/\/zonaroja.com.mx\/wp-content\/uploads\/2024\/07\/Detenido-agresor-Xoxocotlan.jpg","jetpack_sharing_enabled":true,"_links":{"self":[{"href":"https:\/\/zonaroja.com.mx\/index.php?rest_route=\/wp\/v2\/posts\/70208","targetHints":{"allow":["GET"]}}],"collection":[{"href":"https:\/\/zonaroja.com.mx\/index.php?rest_route=\/wp\/v2\/posts"}],"about":[{"href":"https:\/\/zonaroja.com.mx\/index.php?rest_route=\/wp\/v2\/types\/post"}],"author":[{"embeddable":true,"href":"https:\/\/zonaroja.com.mx\/index.php?rest_route=\/wp\/v2\/users\/2"}],"replies":[{"embeddable":true,"href":"https:\/\/zonaroja.com.mx\/index.php?rest_route=%2Fwp%2Fv2%2Fcomments&post=70208"}],"version-history":[{"count":1,"href":"https:\/\/zonaroja.com.mx\/index.php?rest_route=\/wp\/v2\/posts\/70208\/revisions"}],"predecessor-version":[{"id":70210,"href":"https:\/\/zonaroja.com.mx\/index.php?rest_route=\/wp\/v2\/posts\/70208\/revisions\/70210"}],"wp:featuredmedia":[{"embeddable":true,"href":"https:\/\/zonaroja.com.mx\/index.php?rest_route=\/wp\/v2\/media\/70209"}],"wp:attachment":[{"href":"https:\/\/zonaroja.com.mx\/index.php?rest_route=%2Fwp%2Fv2%2Fmedia&parent=70208"}],"wp:term":[{"taxonomy":"category","embeddable":true,"href":"https:\/\/zonaroja.com.mx\/index.php?rest_route=%2Fwp%2Fv2%2Fcategories&post=70208"},{"taxonomy":"post_tag","embeddable":true,"href":"https:\/\/zonaroja.com.mx\/index.php?rest_route=%2Fwp%2Fv2%2Ftags&post=70208"}],"curies":[{"name":"wp","href":"https:\/\/api.w.org\/{rel}","templated":true}]}}