{"id":70216,"date":"2024-07-09T09:35:00","date_gmt":"2024-07-09T15:35:00","guid":{"rendered":"https:\/\/zonaroja.com.mx\/?p=70216"},"modified":"2024-07-09T07:45:39","modified_gmt":"2024-07-09T13:45:39","slug":"sigue-disputa-por-entrega-de-uniformes-entre-seccion-22-y-el-ieepo","status":"publish","type":"post","link":"https:\/\/zonaroja.com.mx\/?p=70216","title":{"rendered":"Sigue disputa por entrega de uniformes entre Secci\u00f3n 22 y el IEEPO"},"content":{"rendered":"\n<p>Raymundo Morales\/Zona Roja.<\/p>\n\n\n\n<p>Oaxaca de Ju\u00e1rez, Oax., a 9 de julio de 2024.- La disputa entre el IEEPO y la Secci\u00f3n 22 del SNTE por la entrega de vales para uniformes escolares se traslad\u00f3 ahora en la regi\u00f3n del Istmo.<\/p>\n\n\n\n<p>Una vez concluidas las entregas en Valles Centrales, cada instancia difundi\u00f3 sus respectivos calendarios para la distribuci\u00f3n de este apoyo gubernamental en la zona istme\u00f1a y en la Costa, logro que el magisterio se atribuye como propio.<\/p>\n\n\n\n<p>Ayer, un grupo de padres de familia bloque\u00f3 por varias horas la carretera federal 190 Oaxaca-Istmo, a la altura del municipio de Santa Mar\u00eda Jalapa del Marqu\u00e9s, por el cambio de sede en la entrega de uniformes.<\/p>\n\n\n\n<p>Y hoy la Delegaci\u00f3n Sindical D-I-298 cierra la misma v\u00eda federal pero a la altura del crucero a Magdalena Tequisistl\u00e1n, tambi\u00e9n para protestar por la entrega de uniformes escolares.<\/p>\n\n\n\n<p>Por su parte, la Secretar\u00eda T\u00e9cnica de la Secci\u00f3n 22 del Sindicato Nacional de Trabajadores de la Educaci\u00f3n emiti\u00f3 el pasado domingo el calendario de entrega de uniformes para las regiones Costa e Istmo, durante esta semana en distintas sedes educativas.<\/p>\n\n\n\n<p>Ayer hizo lo propio el Instituto Estatal de Educaci\u00f3n P\u00fablica de Oaxaca s\u00f3lo que cambi\u00f3 una de las sedes en el municipio de Mat\u00edas Romero Avenda\u00f1o, al argumentar problemas a causa de las lluvias; en su convocatoria, no precis\u00f3 los lugares espec\u00edficos para las entregas.<\/p>\n\n\n\n<p>YA HAY CLAUSURAS<\/p>\n\n\n\n<p>Por otra parte, pese a que el calendario escolar 2023-2024 marca como \u00faltimo d\u00eda de clases es el 19 de julio, desde el pasado fin de semana en diversos planteles del nivel b\u00e1sico ya hay clausura de cursos.<\/p>\n\n\n\n<p>Ello sin que el IEEPO haya obligado al magisterio oaxaque\u00f1o a reponer los 25 d\u00edas perdidos durante mayo y junio, a causa del paro de labores educativas, que la Secci\u00f3n 22 inici\u00f3 el 15 de mayo para demandar cumplimiento a su pliego petitorio.<\/p>\n","protected":false},"excerpt":{"rendered":"<p>Raymundo Morales\/Zona Roja. Oaxaca de Ju\u00e1rez, Oax., a 9 de julio de 2024.- La disputa&hellip;<\/p>\n","protected":false},"author":2,"featured_media":70217,"comment_status":"closed","ping_status":"open","sticky":false,"template":"","format":"standard","meta":{"_lmt_disableupdate":"","_lmt_disable":"","_jetpack_memberships_contains_paid_content":false,"footnotes":""},"categories":[109,46],"tags":[312],"class_list":["post-70216","post","type-post","status-publish","format-standard","has-post-thumbnail","hentry","category-minuto-a-minuto","category-zona-blanca","tag-seccion-22-del-snte"],"jetpack_featured_media_url":"https:\/\/zonaroja.com.mx\/wp-content\/uploads\/2024\/07\/Entrega-de-uniformes-Istmo-y-Costa.jpg","jetpack_sharing_enabled":true,"_links":{"self":[{"href":"https:\/\/zonaroja.com.mx\/index.php?rest_route=\/wp\/v2\/posts\/70216","targetHints":{"allow":["GET"]}}],"collection":[{"href":"https:\/\/zonaroja.com.mx\/index.php?rest_route=\/wp\/v2\/posts"}],"about":[{"href":"https:\/\/zonaroja.com.mx\/index.php?rest_route=\/wp\/v2\/types\/post"}],"author":[{"embeddable":true,"href":"https:\/\/zonaroja.com.mx\/index.php?rest_route=\/wp\/v2\/users\/2"}],"replies":[{"embeddable":true,"href":"https:\/\/zonaroja.com.mx\/index.php?rest_route=%2Fwp%2Fv2%2Fcomments&post=70216"}],"version-history":[{"count":1,"href":"https:\/\/zonaroja.com.mx\/index.php?rest_route=\/wp\/v2\/posts\/70216\/revisions"}],"predecessor-version":[{"id":70218,"href":"https:\/\/zonaroja.com.mx\/index.php?rest_route=\/wp\/v2\/posts\/70216\/revisions\/70218"}],"wp:featuredmedia":[{"embeddable":true,"href":"https:\/\/zonaroja.com.mx\/index.php?rest_route=\/wp\/v2\/media\/70217"}],"wp:attachment":[{"href":"https:\/\/zonaroja.com.mx\/index.php?rest_route=%2Fwp%2Fv2%2Fmedia&parent=70216"}],"wp:term":[{"taxonomy":"category","embeddable":true,"href":"https:\/\/zonaroja.com.mx\/index.php?rest_route=%2Fwp%2Fv2%2Fcategories&post=70216"},{"taxonomy":"post_tag","embeddable":true,"href":"https:\/\/zonaroja.com.mx\/index.php?rest_route=%2Fwp%2Fv2%2Ftags&post=70216"}],"curies":[{"name":"wp","href":"https:\/\/api.w.org\/{rel}","templated":true}]}}