{"id":70219,"date":"2024-07-09T10:30:00","date_gmt":"2024-07-09T16:30:00","guid":{"rendered":"https:\/\/zonaroja.com.mx\/?p=70219"},"modified":"2024-07-09T08:32:45","modified_gmt":"2024-07-09T14:32:45","slug":"pide-ministra-a-amlo-y-sheinbaum-abrir-debate-sobre-reforma-judicial","status":"publish","type":"post","link":"https:\/\/zonaroja.com.mx\/?p=70219","title":{"rendered":"Pide ministra a AMLO y Sheinbaum abrir debate sobre Reforma Judicial"},"content":{"rendered":"\n<p>Redacci\u00f3n\/Zona Roja Cdmx.<\/p>\n\n\n\n<p>Ciudad de M\u00e9xico, a 9 de julio de 2024.- La ministra presidenta de la Suprema Corte, Norma Pi\u00f1a, le pidi\u00f3 al presidente L\u00f3pez Obrador y a la virtual presidenta electa, Claudia Sheinbaum, que abran las puertas para discutir las consecuencias que puede tener la reforma judicial.<\/p>\n\n\n\n<p>En la clausura del Encuentro Nacional para una Agenda de Seguridad y Justicia, afirm\u00f3 que, aun cuando es necesario un cambio, \u00e9ste se debe hacer para acercar la justicia a las v\u00edctimas.<\/p>\n\n\n\n<p>\u201cQuiero invitar tanto al presidente L\u00f3pez Obrador, como a la virtual presidenta, la doctora Claudia Sheinbaum, a sumarse a este di\u00e1logo plural, y a que nos abran la puerta para que podamos compartirles los hallazgos de este encuentro nacional y analizar as\u00ed c\u00f3mo afecta la reforma no s\u00f3lo el futuro de la justicia, sino de todo nuestro pa\u00eds\u201d, sostuvo.<\/p>\n\n\n\n<p>Pi\u00f1a tambi\u00e9n alert\u00f3 que, en caso de que se concrete el plan que busca que los integrantes del Poder Judicial sean electos por voto popular, se perder\u00e1 la calidad en los encargados de impartir justicia en el pa\u00eds.<\/p>\n\n\n\n<p>\u201cSi la reforma judicial se aprueba en sus t\u00e9rminos, ya no llegar\u00e1 la persona m\u00e1s capacitada al puesto, no llegar\u00e1 la persona que pas\u00f3 a\u00f1os estudiando, prepar\u00e1ndose para opositar, sino la m\u00e1s popular, la que supo relacionarse bien con los \u2018grupos de poder\u2019 que, ir\u00f3nicamente, es uno de los argumentos de esta reforma, es decir, se provocar\u00e1 lo que intenta erradicar\u201d, sentenci\u00f3.<\/p>\n\n\n\n<p>Pidi\u00f3 darle calma a la discusi\u00f3n y no apresurar una reforma que podr\u00eda tener graves consecuencias.<\/p>\n\n\n\n<p>\u201cLo peor que podr\u00edamos hacer es acelerar un diagn\u00f3stico, o bien hacer pensar que la soluci\u00f3n est\u00e1 en remover a quienes estamos enfrentando este reto como parte de un sistema, pero no es el sistema completo. No podemos caer en la salida f\u00e1cil, no podemos empezar de cero. El contexto tan complejo que vive nuestro pa\u00eds no permite la improvisaci\u00f3n\u201d, apunt\u00f3.<\/p>\n\n\n\n<p>Y admiti\u00f3: \u201cClaro que hay urgencia en resolver estas problem\u00e1ticas, pero esto no justifica tomar decisiones r\u00e1pidas\u201d.<\/p>\n\n\n\n<p>SIN EXPERIENCIA<\/p>\n\n\n\n<p>El presidente Andr\u00e9s Manuel L\u00f3pez Obrador se dijo abierto a que se le hagan modificaciones a la reforma Poder Judicial que propuso, aunque manifest\u00f3 su desacuerdo con que se exija a los aspirantes a juzgadores una experiencia m\u00ednima de 5 a\u00f1os.<\/p>\n\n\n\n<p>\u201cQue tambi\u00e9n se ajuste. Nosotros no queremos que se apruebe sin quitar una coma a nuestra iniciativa. Si se va a mejorar, si se va a enriquecer, pues adelante\u201d, dijo en su conferencia matutina de este lunes.<\/p>\n\n\n\n<p>\u201cPor ejemplo, se nos fue en la iniciativa que tienen que tener cinco a\u00f1os de experiencia los que puedan participar como jueces, magistrados, ministros. Yo he estado en contra de eso y, sin embargo, se nos pas\u00f3\u201d, agreg\u00f3.<\/p>\n\n\n\n<p>Se\u00f1al\u00f3 que \u00e9l es partidario que los j\u00f3venes reci\u00e9n egresados de la carrera de derecho puedan aspirar a ser juzgadores, pues cuando se acaban de titular \u201cest\u00e1n llenos de frescura, ideales y entusiasmo por hacer valer la ley\u201d.<\/p>\n\n\n\n<p>Y por el contrario, cuando ya tienen una trayectoria de 5 o 10 a\u00f1os, tienen experiencia, pero para entonces la m\u00edstica la fueron dejando en el camino, y en cambio aprendieron otras cosas que no se necesitan.<\/p>\n\n\n\n<p>\u201c\u00bfQu\u00e9, es muy compleja la impartici\u00f3n de justicia cuando se act\u00faa con rectitud y no por consigna, como suele pasar?\u201d, cuestion\u00f3.<\/p>\n\n\n\n<p>(Informaci\u00f3n de \u201cEl Financiero\u201d)<\/p>\n","protected":false},"excerpt":{"rendered":"<p>Redacci\u00f3n\/Zona Roja Cdmx. Ciudad de M\u00e9xico, a 9 de julio de 2024.- La ministra presidenta&hellip;<\/p>\n","protected":false},"author":2,"featured_media":70017,"comment_status":"closed","ping_status":"open","sticky":false,"template":"","format":"standard","meta":{"_lmt_disableupdate":"","_lmt_disable":"","_jetpack_memberships_contains_paid_content":false,"footnotes":""},"categories":[109,47],"tags":[3374],"class_list":["post-70219","post","type-post","status-publish","format-standard","has-post-thumbnail","hentry","category-minuto-a-minuto","category-zona-gris","tag-norma-lucia-pina-hernandez"],"jetpack_featured_media_url":"https:\/\/zonaroja.com.mx\/wp-content\/uploads\/2024\/07\/Norma-Pina-y-Lopez-Obrador.jpeg","jetpack_sharing_enabled":true,"_links":{"self":[{"href":"https:\/\/zonaroja.com.mx\/index.php?rest_route=\/wp\/v2\/posts\/70219","targetHints":{"allow":["GET"]}}],"collection":[{"href":"https:\/\/zonaroja.com.mx\/index.php?rest_route=\/wp\/v2\/posts"}],"about":[{"href":"https:\/\/zonaroja.com.mx\/index.php?rest_route=\/wp\/v2\/types\/post"}],"author":[{"embeddable":true,"href":"https:\/\/zonaroja.com.mx\/index.php?rest_route=\/wp\/v2\/users\/2"}],"replies":[{"embeddable":true,"href":"https:\/\/zonaroja.com.mx\/index.php?rest_route=%2Fwp%2Fv2%2Fcomments&post=70219"}],"version-history":[{"count":1,"href":"https:\/\/zonaroja.com.mx\/index.php?rest_route=\/wp\/v2\/posts\/70219\/revisions"}],"predecessor-version":[{"id":70220,"href":"https:\/\/zonaroja.com.mx\/index.php?rest_route=\/wp\/v2\/posts\/70219\/revisions\/70220"}],"wp:featuredmedia":[{"embeddable":true,"href":"https:\/\/zonaroja.com.mx\/index.php?rest_route=\/wp\/v2\/media\/70017"}],"wp:attachment":[{"href":"https:\/\/zonaroja.com.mx\/index.php?rest_route=%2Fwp%2Fv2%2Fmedia&parent=70219"}],"wp:term":[{"taxonomy":"category","embeddable":true,"href":"https:\/\/zonaroja.com.mx\/index.php?rest_route=%2Fwp%2Fv2%2Fcategories&post=70219"},{"taxonomy":"post_tag","embeddable":true,"href":"https:\/\/zonaroja.com.mx\/index.php?rest_route=%2Fwp%2Fv2%2Ftags&post=70219"}],"curies":[{"name":"wp","href":"https:\/\/api.w.org\/{rel}","templated":true}]}}